{"id":10971,"date":"2026-01-25T07:18:59","date_gmt":"2026-01-25T06:18:59","guid":{"rendered":"http:\/\/ewig.es\/?p=10971"},"modified":"2026-02-01T17:03:44","modified_gmt":"2026-02-01T16:03:44","slug":"das-zeitalter-der-aufklaerung-in-brahman","status":"publish","type":"post","link":"http:\/\/ewig.es\/index.php\/2026\/01\/25\/das-zeitalter-der-aufklaerung-in-brahman\/","title":{"rendered":"Das Zeitalter der Aufkl\u00e4rung in Brahman."},"content":{"rendered":"\n<p class=\"wp-block-paragraph\">Nun komme ich in der Serie dieser Beitr\u00e4ge \u00fcber Brahman zum mir wichtigsten Part in dieser Zeit: &#8222;The missing link&#8220; zwischen Spiritualit\u00e4t und Aufkl\u00e4rung.<\/p>\n\n\n\n<p class=\"wp-block-paragraph\">Das Zeitalter der Aufkl\u00e4rung, der Menschenrechte, der Emanzipation des Individuums in und vor dem Sozialen, das Bestreben die Welt (Brahman) zu erforschen, die Erforschung Brahmans \u00fcber jeden traditionellen Glauben zu stellen und die Zwischenergebnisse immer wieder zu \u00fcberpr\u00fcfen, ist: zuh\u00f6chst spirituell.<\/p>\n\n\n\n<p class=\"wp-block-paragraph\">Warum?<\/p>\n\n\n\n<p class=\"wp-block-paragraph\">Wir sind nicht Opfer h\u00f6herer Macht, sondern wir sind ihr Ausdruck. Im Wesen sind wir diese Macht selbst, auch wenn wir in der Interpretation unserer selbst immer wieder irren, geirrt haben.<\/p>\n\n\n\n<p class=\"wp-block-paragraph\">Hier ist kein Gott, keine wirkliche Hierarchie der Macht: Alles nur Ideen, was wir selbst w\u00e4ren, als das, was wir sind: Die h\u00f6here Macht selbst. Die Macht Brahmans.<\/p>\n\n\n\n<p class=\"wp-block-paragraph\">Es gibt keine echte Unterordnung und keine \u00dcberordnung vor und in Brahman, die mehr als eine Idee w\u00e4re.<\/p>\n\n\n\n<p class=\"wp-block-paragraph\">Du bist, ich bin, wir sind: Brahman. Und darin auch die Macht der Sch\u00f6pfung.<\/p>\n\n\n\n<p class=\"wp-block-paragraph\">St\u00fcrzt die Oligarchen, die selbsternannten Vertreter einer angeblichen h\u00f6heren Wahrheit, eines angeblichen Gottes.<\/p>\n\n\n\n<p class=\"wp-block-paragraph\">Du bist nicht weniger als sie auch.<\/p>\n\n\n\n<p class=\"wp-block-paragraph\">R\u00e4ume den Saustall dieser Ideen aus, indem du dich selbst als Brahman erkennst, und jage diese selbsternannten Pfaffen aus deinem Tempel.<\/p>\n\n\n\n<p class=\"wp-block-paragraph\">Sei radikal, so du willst, in dieser Zeit:<\/p>\n\n\n\n<p class=\"wp-block-paragraph\">Es IST die ZEIT DER AUFKL\u00c4RUNG &#8211; und niemand dreht sie zur\u00fcck, so sehr es diese Despoten wollen.<\/p>\n\n\n\n<p class=\"wp-block-paragraph\">Emanzipiere dich selbst&#8230; und diese banalen Neo-Pfaffen angeblicher Wahrheit m\u00fcssen weichen, erst vor deinem neu gewonnenen Selbstverst\u00e4ndnis (Ich bin Brahman) und beraube sie dann ihres elit\u00e4ren Anspruches.<\/p>\n\n\n\n<p class=\"wp-block-paragraph\">Stutze sie erst in der Selbsterkenntnis zur\u00fcck &#8211; ihrer von dir geforderten Unterwerfung &#8211; und dann lasse sie &#8222;das Schwert&#8220; der neu gewonnenen Wahrheit \u00fcber dich selbst sp\u00fcren.<\/p>\n\n\n\n<p class=\"wp-block-paragraph\">Jage diese Despoten wie Putin, Trump &#8211; und wie sie auch hei\u00dfen &#8211; zum Teufel. Emanzipiere dich selbst Brahman.<\/p>\n\n\n\n<p class=\"wp-block-paragraph\">Mehr als ein banales Blendwerk haben all die religi\u00f6s verbr\u00e4mten politischen Fascho-Pfaffen nicht zu bieten.<\/p>\n\n\n\n<p class=\"wp-block-paragraph\">Es ist das Zeitalter der Aufkl\u00e4rung, der Emanzipation Brahmans vor sich selbst. Und nicht weniger. <\/p>\n\n\n\n<p class=\"wp-block-paragraph\">Ich blase zur gro\u00dfen Revolution.<\/p>\n\n\n\n<p class=\"wp-block-paragraph\">Wenn der Morgentau den Geschmack des Blutes der Leichen der alten Ideen \u00fcber das Schlachtfeld dieser Revolution tr\u00e4gt, des globalen Erwachens, des echten Erwachens, erwacht auch ein neues Zeitalter: Das Zeitalter der spirituellen Aufkl\u00e4rung- das Zeitalter der Emanzipation Brahmans vor sich selbst.<\/p>\n\n\n\n<p class=\"wp-block-paragraph\">Und sie werden es nicht aufhalten k\u00f6nnen. Der Same ist ges\u00e4t. <\/p>\n\n\n\n<p class=\"wp-block-paragraph\">Liebe Gr\u00fc\u00dfe, Tobias.<\/p>\n<div class=\"clearfix\"><span class='ldc-ul_cont' onclick=\"alter_ul_post_values(this,'10971','like')\" >gef\u00e4llt mir<img decoding=\"async\" src=\"http:\/\/ewig.es\/wordpress\/wp-content\/plugins\/like-dislike-counter-for-posts-pages-and-comments\/images\/up.png\" \/>(<span>8<\/span>)<\/span><span class='ldc-ul_cont' onclick=\"alter_ul_post_values(this,'10971','dislike')\" ><img decoding=\"async\" src=\"http:\/\/ewig.es\/wordpress\/wp-content\/plugins\/like-dislike-counter-for-posts-pages-and-comments\/images\/down.png\" \/>(<span>6<\/span>)<\/span><\/div>","protected":false},"excerpt":{"rendered":"<p>Nun komme ich in der Serie dieser Beitr\u00e4ge \u00fcber Brahman zum mir wichtigsten Part in dieser Zeit: &#8222;The missing link&#8220; zwischen Spiritualit\u00e4t und Aufkl\u00e4rung. Das Zeitalter der Aufkl\u00e4rung, der Menschenrechte, der Emanzipation des Individuums in und vor dem Sozialen, das Bestreben die Welt (Brahman) zu erforschen, die Erforschung Brahmans \u00fcber jeden traditionellen Glauben zu stellen &hellip; <a href=\"http:\/\/ewig.es\/index.php\/2026\/01\/25\/das-zeitalter-der-aufklaerung-in-brahman\/\" class=\"more-link\"><span class=\"screen-reader-text\">\u201eDas Zeitalter der Aufkl\u00e4rung in Brahman.\u201c<\/span> weiterlesen<\/a><\/p>\n","protected":false},"author":1,"featured_media":0,"comment_status":"open","ping_status":"closed","sticky":false,"template":"","format":"standard","meta":{"footnotes":""},"categories":[1],"tags":[],"class_list":["post-10971","post","type-post","status-publish","format-standard","hentry","category-tagebuch"],"_links":{"self":[{"href":"http:\/\/ewig.es\/index.php\/wp-json\/wp\/v2\/posts\/10971","targetHints":{"allow":["GET"]}}],"collection":[{"href":"http:\/\/ewig.es\/index.php\/wp-json\/wp\/v2\/posts"}],"about":[{"href":"http:\/\/ewig.es\/index.php\/wp-json\/wp\/v2\/types\/post"}],"author":[{"embeddable":true,"href":"http:\/\/ewig.es\/index.php\/wp-json\/wp\/v2\/users\/1"}],"replies":[{"embeddable":true,"href":"http:\/\/ewig.es\/index.php\/wp-json\/wp\/v2\/comments?post=10971"}],"version-history":[{"count":11,"href":"http:\/\/ewig.es\/index.php\/wp-json\/wp\/v2\/posts\/10971\/revisions"}],"predecessor-version":[{"id":10984,"href":"http:\/\/ewig.es\/index.php\/wp-json\/wp\/v2\/posts\/10971\/revisions\/10984"}],"wp:attachment":[{"href":"http:\/\/ewig.es\/index.php\/wp-json\/wp\/v2\/media?parent=10971"}],"wp:term":[{"taxonomy":"category","embeddable":true,"href":"http:\/\/ewig.es\/index.php\/wp-json\/wp\/v2\/categories?post=10971"},{"taxonomy":"post_tag","embeddable":true,"href":"http:\/\/ewig.es\/index.php\/wp-json\/wp\/v2\/tags?post=10971"}],"curies":[{"name":"wp","href":"https:\/\/api.w.org\/{rel}","templated":true}]}}