{"id":11141,"date":"2026-06-12T04:53:08","date_gmt":"2026-06-12T02:53:08","guid":{"rendered":"http:\/\/ewig.es\/?p=11141"},"modified":"2026-06-12T04:56:48","modified_gmt":"2026-06-12T02:56:48","slug":"ich-und-du-2","status":"publish","type":"post","link":"http:\/\/ewig.es\/index.php\/2026\/06\/12\/ich-und-du-2\/","title":{"rendered":"Ich und Du. (2)"},"content":{"rendered":"\n<p class=\"wp-block-paragraph\">Zusammengefasst w\u00fcrde ich zum ersten Teil dieser (unverbindlichen) Betrachtung \u00fcber &#8222;Ich und Du&#8220; sagen:<\/p>\n\n\n\n<p class=\"wp-block-paragraph\">Im ihrem Wesen erscheinen mir &#8222;Ich&#8220; und &#8222;Du&#8220; als dasselbe: Der leer und allumfassend erscheinende Hintergrund: &#8222;Ich&#8220;: &#8222;Wirklichkeit&#8220;.<\/p>\n\n\n\n<p class=\"wp-block-paragraph\">Direkt nehme ich nur diese Psyche wahr, durch die ich als dieser leer und allumfassende Hintergrund das Ereignis wahrnehme. Die anderen Psychen nehme ich direkt nur als K\u00f6rper wahr, in die ich nicht direkt blicken kann.<\/p>\n\n\n\n<p class=\"wp-block-paragraph\">Bis heute wissen wir nicht, was Materie ist, so vertraut ich t\u00e4glich damit umgehe. Sie ist Ausdruck der Verk\u00f6rperung eines &#8222;Du&#8220;, das so r\u00e4tselhaft wie das &#8222;Ich&#8220; ist.<\/p>\n\n\n\n<p class=\"wp-block-paragraph\">R\u00e4tselhaft, denn desto klarer ich mich selbst hierin in diesem Ereignis wahrnehme, desto mehr tritt diese K\u00f6rperlichkeit &#8222;Ich und Du&#8220; in der Selbstwahrnehmung in den Hintergrund und der an sich leer erscheinende Hintergrund in den Vordergrund der Selbstwahrnehmung. In ihm l\u00f6sen sich diese Konturen empfunden auf, und &#8222;Ich&#8220; nehme mich als &#8222;Leere&#8220; wahr: Die seiende Wirklichkeit hinter dem Ereignis selbst.<\/p>\n\n\n\n<p class=\"wp-block-paragraph\">Und sie erscheint unver\u00e4nderlich, vom Ereignis im Wesen unber\u00fchrbar und als substanzielle &#8222;Ursache&#8220;. Warum? <\/p>\n\n\n\n<p class=\"wp-block-paragraph\">Die eigentlich Substanz meiner selbst, die das Ereignis tr\u00e4gt und substanziell ist, erscheint immateriell allumfassend, v\u00f6llig unabh\u00e4ngig davon, was im Ereignis geschieht.<\/p>\n\n\n\n<p class=\"wp-block-paragraph\">Dieses Selbst bin ich zwar, aber hierin ohne jede Unterscheidung in &#8222;Ich und Du&#8220; und erscheine pr\u00e4sent k\u00f6rperlos. Erst mit dem K\u00f6rper, sprich: Pers\u00f6nlichkeit, erscheint in diesem Hintergrund eine Welt.<\/p>\n\n\n\n<p class=\"wp-block-paragraph\">Die Wahrnehmung der Welt erscheint mir so an einen K\u00f6rper gebunden: Ohne K\u00f6rper keine Weltwahrnehmung.<\/p>\n\n\n\n<p class=\"wp-block-paragraph\">Wie ich die Welt als das Selbst wahrnehme ist an diesen K\u00f6rper gebunden. Das Selbst blickt durch diese Perspektive auf sich selbst. <\/p>\n\n\n\n<p class=\"wp-block-paragraph\">Ich kenne nur diese menschliche Perspektive auf mich selbst, und damit auf das Thema Vielfalt: Ich und Du.<\/p>\n\n\n\n<p class=\"wp-block-paragraph\">Was ist nun das Selbst, wer bin ich?<\/p>\n\n\n\n<p class=\"wp-block-paragraph\">Ich bin zwar mitrklar meiner selbst bewusst, &#8222;ich bin&#8220;, aber erscheine mir selbst als das durch den K\u00f6rper Blickende &#8222;leer&#8220;:<\/p>\n\n\n\n<p class=\"wp-block-paragraph\">&#8222;Ich wei\u00df nicht, wer ich bin.&#8220;<\/p>\n\n\n\n<p class=\"wp-block-paragraph\">Und diese erscheinende Leere meiner selbst, die Heimst\u00e4tte der F\u00fclle, die die eigentlich Wirklichkeit meiner selbst ist, ist unerkl\u00e4rlich, aber IST.<\/p>\n\n\n\n<p class=\"wp-block-paragraph\">Als das, was ich bin, habe ich keine Kontur.<\/p>\n\n\n\n<p class=\"wp-block-paragraph\"><\/p>\n\n\n\n<p class=\"wp-block-paragraph\"><\/p>\n\n\n\n<p class=\"wp-block-paragraph\"><\/p>\n<div class=\"clearfix\"><span class='ldc-ul_cont' onclick=\"alter_ul_post_values(this,'11141','like')\" >gef\u00e4llt mir<img decoding=\"async\" src=\"http:\/\/ewig.es\/wordpress\/wp-content\/plugins\/like-dislike-counter-for-posts-pages-and-comments\/images\/up.png\" \/>(<span>1<\/span>)<\/span><span class='ldc-ul_cont' onclick=\"alter_ul_post_values(this,'11141','dislike')\" ><img decoding=\"async\" src=\"http:\/\/ewig.es\/wordpress\/wp-content\/plugins\/like-dislike-counter-for-posts-pages-and-comments\/images\/down.png\" \/>(<span>0<\/span>)<\/span><\/div>","protected":false},"excerpt":{"rendered":"<p>Zusammengefasst w\u00fcrde ich zum ersten Teil dieser (unverbindlichen) Betrachtung \u00fcber &#8222;Ich und Du&#8220; sagen: Im ihrem Wesen erscheinen mir &#8222;Ich&#8220; und &#8222;Du&#8220; als dasselbe: Der leer und allumfassend erscheinende Hintergrund: &#8222;Ich&#8220;: &#8222;Wirklichkeit&#8220;. Direkt nehme ich nur diese Psyche wahr, durch die ich als dieser leer und allumfassende Hintergrund das Ereignis wahrnehme. Die anderen Psychen nehme &hellip; <a href=\"http:\/\/ewig.es\/index.php\/2026\/06\/12\/ich-und-du-2\/\" class=\"more-link\"><span class=\"screen-reader-text\">\u201eIch und Du. (2)\u201c<\/span> weiterlesen<\/a><\/p>\n","protected":false},"author":1,"featured_media":0,"comment_status":"open","ping_status":"closed","sticky":false,"template":"","format":"standard","meta":{"footnotes":""},"categories":[1],"tags":[],"class_list":["post-11141","post","type-post","status-publish","format-standard","hentry","category-tagebuch"],"_links":{"self":[{"href":"http:\/\/ewig.es\/index.php\/wp-json\/wp\/v2\/posts\/11141","targetHints":{"allow":["GET"]}}],"collection":[{"href":"http:\/\/ewig.es\/index.php\/wp-json\/wp\/v2\/posts"}],"about":[{"href":"http:\/\/ewig.es\/index.php\/wp-json\/wp\/v2\/types\/post"}],"author":[{"embeddable":true,"href":"http:\/\/ewig.es\/index.php\/wp-json\/wp\/v2\/users\/1"}],"replies":[{"embeddable":true,"href":"http:\/\/ewig.es\/index.php\/wp-json\/wp\/v2\/comments?post=11141"}],"version-history":[{"count":3,"href":"http:\/\/ewig.es\/index.php\/wp-json\/wp\/v2\/posts\/11141\/revisions"}],"predecessor-version":[{"id":11144,"href":"http:\/\/ewig.es\/index.php\/wp-json\/wp\/v2\/posts\/11141\/revisions\/11144"}],"wp:attachment":[{"href":"http:\/\/ewig.es\/index.php\/wp-json\/wp\/v2\/media?parent=11141"}],"wp:term":[{"taxonomy":"category","embeddable":true,"href":"http:\/\/ewig.es\/index.php\/wp-json\/wp\/v2\/categories?post=11141"},{"taxonomy":"post_tag","embeddable":true,"href":"http:\/\/ewig.es\/index.php\/wp-json\/wp\/v2\/tags?post=11141"}],"curies":[{"name":"wp","href":"https:\/\/api.w.org\/{rel}","templated":true}]}}