{"id":11147,"date":"2026-06-14T08:55:50","date_gmt":"2026-06-14T06:55:50","guid":{"rendered":"http:\/\/ewig.es\/?p=11147"},"modified":"2026-06-14T09:04:01","modified_gmt":"2026-06-14T07:04:01","slug":"die-lehre-vom-nicht-selbst","status":"publish","type":"post","link":"http:\/\/ewig.es\/index.php\/2026\/06\/14\/die-lehre-vom-nicht-selbst\/","title":{"rendered":"Die Lehre vom Nicht-Selbst."},"content":{"rendered":"\n<p class=\"wp-block-paragraph\">Gestern war ich mit dem Fahrrad Einkaufen, was die \u00fcbliche Runde von 30 km war.  Zu Hause angekommen, war per E-Mail die Nachricht meiner franz\u00f6sischen Rentenversicherung eingetroffen, dass mein Antrag vollst\u00e4ndig w\u00e4re. Ich gehe diesen Monat in Rente und stellte vorgestern meinen Antrag.<\/p>\n\n\n\n<p class=\"wp-block-paragraph\">Im Traum traf ich drei indische Jungen, die an einer Bushaltestelle auf den Schulbus warteten. Es entwickelte sich ein nettes Gespr\u00e4ch, und zum Abschied erz\u00e4hlte ich einem der Jungen die Lehre vom Nicht-Selbst: &#8222;Vergiss alles, was du nicht beeinflussen kannst. K\u00fcmmere dich nur um das, was du beeinflussen kannst.&#8220;<\/p>\n\n\n\n<p class=\"wp-block-paragraph\">Und wie ich aufwachte, mich an diesen Traum erinnerte, fiel mir auf, dass ich die Lehre vom Nicht-Selbst auch sehr nuanciert betrachten kann: <\/p>\n\n\n\n<p class=\"wp-block-paragraph\">&#8222;Was kann ich tun?&#8220; und: &#8222;Was kann ich nicht tun?&#8220;<\/p>\n\n\n\n<p class=\"wp-block-paragraph\">Im Selbst ist die Einflusssph\u00e4re der Pers\u00f6nlichkeit nicht klar definierbar, da es zum Selbst kein &#8222;echtes&#8220; Gegen\u00fcber gibt, nur ein relatives Gegen\u00fcber. <\/p>\n\n\n\n<p class=\"wp-block-paragraph\">Pers\u00f6nlichkeit und Welt sind nicht wirklich getrennt. Diese relative Interaktion ist somit &#8222;h\u00f6here Macht&#8220;, etwas, was alle Instanzen umfasst.  <\/p>\n\n\n\n<p class=\"wp-block-paragraph\">Und es erscheint mir naheliegend anzunehmen, dass darin die bewusste Pers\u00f6nlichkeit eine Rolle hat, die \u00fcber ein: &#8222;Ich kann nichts tun&#8220; hinausgeht.<\/p>\n\n\n\n<p class=\"wp-block-paragraph\">Aber worin liegt sie und wie gro\u00df ist sie? <\/p>\n\n\n\n<p class=\"wp-block-paragraph\">Sozial \u00fcbersch\u00e4tzen wir sie heute meist (Stichwort: Freier Wille). Spirituell untersch\u00e4tzen wir sie heute meist (Stichwort: Du kannst nichts tun.)<\/p>\n\n\n\n<p class=\"wp-block-paragraph\">Beides trifft in meinen Augen nicht, denn beide setzen eine Trennung voraus und damit auch eine Trennung in der Macht des Selbst.<\/p>\n\n\n\n<p class=\"wp-block-paragraph\">Jedoch, die Macht des Selbst wirkt \u00fcber alle Instanzen, ohne dass darin wirklich etwas &#8222;reines Opfer&#8220; oder &#8222;reiner T\u00e4ter&#8220; w\u00e4re. <\/p>\n\n\n\n<p class=\"wp-block-paragraph\">Pers\u00f6nlichkeit ist somit nicht nur Ausdruck sondern auch Instrument dieser &#8222;Macht&#8220;, so klein ihre relative Einflusssph\u00e4re sein mag.<\/p>\n\n\n\n<p class=\"wp-block-paragraph\">Ich vergleiche sie gerne mit dem Gravitationsfeld um einen Planeten. Im &#8222;Gro\u00dfen&#8220; spielt es kaum ein Rolle, im &#8222;Kleinen&#8220; bestimmt es fast alles.<\/p>\n\n\n\n<p class=\"wp-block-paragraph\"><\/p>\n\n\n\n<p class=\"wp-block-paragraph\"><\/p>\n\n\n\n<p class=\"wp-block-paragraph\"><\/p>\n\n\n\n<p class=\"wp-block-paragraph\"><\/p>\n\n\n\n<p class=\"wp-block-paragraph\"><\/p>\n\n\n\n<p class=\"wp-block-paragraph\"><\/p>\n<div class=\"clearfix\"><span class='ldc-ul_cont' onclick=\"alter_ul_post_values(this,'11147','like')\" >gef\u00e4llt mir<img decoding=\"async\" src=\"http:\/\/ewig.es\/wordpress\/wp-content\/plugins\/like-dislike-counter-for-posts-pages-and-comments\/images\/up.png\" \/>(<span>1<\/span>)<\/span><span class='ldc-ul_cont' onclick=\"alter_ul_post_values(this,'11147','dislike')\" ><img decoding=\"async\" src=\"http:\/\/ewig.es\/wordpress\/wp-content\/plugins\/like-dislike-counter-for-posts-pages-and-comments\/images\/down.png\" \/>(<span>0<\/span>)<\/span><\/div>","protected":false},"excerpt":{"rendered":"<p>Gestern war ich mit dem Fahrrad Einkaufen, was die \u00fcbliche Runde von 30 km war. Zu Hause angekommen, war per E-Mail die Nachricht meiner franz\u00f6sischen Rentenversicherung eingetroffen, dass mein Antrag vollst\u00e4ndig w\u00e4re. Ich gehe diesen Monat in Rente und stellte vorgestern meinen Antrag. Im Traum traf ich drei indische Jungen, die an einer Bushaltestelle auf &hellip; <a href=\"http:\/\/ewig.es\/index.php\/2026\/06\/14\/die-lehre-vom-nicht-selbst\/\" class=\"more-link\"><span class=\"screen-reader-text\">\u201eDie Lehre vom Nicht-Selbst.\u201c<\/span> weiterlesen<\/a><\/p>\n","protected":false},"author":1,"featured_media":0,"comment_status":"open","ping_status":"closed","sticky":false,"template":"","format":"standard","meta":{"footnotes":""},"categories":[1],"tags":[],"class_list":["post-11147","post","type-post","status-publish","format-standard","hentry","category-tagebuch"],"_links":{"self":[{"href":"http:\/\/ewig.es\/index.php\/wp-json\/wp\/v2\/posts\/11147","targetHints":{"allow":["GET"]}}],"collection":[{"href":"http:\/\/ewig.es\/index.php\/wp-json\/wp\/v2\/posts"}],"about":[{"href":"http:\/\/ewig.es\/index.php\/wp-json\/wp\/v2\/types\/post"}],"author":[{"embeddable":true,"href":"http:\/\/ewig.es\/index.php\/wp-json\/wp\/v2\/users\/1"}],"replies":[{"embeddable":true,"href":"http:\/\/ewig.es\/index.php\/wp-json\/wp\/v2\/comments?post=11147"}],"version-history":[{"count":5,"href":"http:\/\/ewig.es\/index.php\/wp-json\/wp\/v2\/posts\/11147\/revisions"}],"predecessor-version":[{"id":11152,"href":"http:\/\/ewig.es\/index.php\/wp-json\/wp\/v2\/posts\/11147\/revisions\/11152"}],"wp:attachment":[{"href":"http:\/\/ewig.es\/index.php\/wp-json\/wp\/v2\/media?parent=11147"}],"wp:term":[{"taxonomy":"category","embeddable":true,"href":"http:\/\/ewig.es\/index.php\/wp-json\/wp\/v2\/categories?post=11147"},{"taxonomy":"post_tag","embeddable":true,"href":"http:\/\/ewig.es\/index.php\/wp-json\/wp\/v2\/tags?post=11147"}],"curies":[{"name":"wp","href":"https:\/\/api.w.org\/{rel}","templated":true}]}}