{"id":11203,"date":"2026-07-23T21:18:20","date_gmt":"2026-07-23T19:18:20","guid":{"rendered":"http:\/\/ewig.es\/?p=11203"},"modified":"2026-07-23T21:23:08","modified_gmt":"2026-07-23T19:23:08","slug":"nun-rollt-hier-die-4-hitzewelle-an","status":"publish","type":"post","link":"http:\/\/ewig.es\/index.php\/2026\/07\/23\/nun-rollt-hier-die-4-hitzewelle-an\/","title":{"rendered":"Nun rollt hier die 4. Hitzewelle an"},"content":{"rendered":"\n<p class=\"wp-block-paragraph\">und Temperaturen um die 25\u00b0 C (wie heute) kommen mir inzwischen recht k\u00fchl vor. <\/p>\n\n\n\n<p class=\"wp-block-paragraph\">Derzeit fahre ich viel mit dem Fahrrad durch die Gegend, t\u00e4glich zwischen 30 und 50 km.<\/p>\n\n\n\n<p class=\"wp-block-paragraph\">Vor ein paar Tagen sah ich auf YouTube einen Bericht \u00fcber eine Studie, die meine Beobachtung best\u00e4tigt. Ich esse ja nichts zum Fr\u00fchst\u00fcck und radle nach einem Kaffee gleich los. Das zwingt den K\u00f6rper in die Fettverbrennung. Und nach dieser Studie sei das optimal. Nun ja, vielleicht hat sie ja recht und meine Beobachtung stimmt? \ud83d\ude09<\/p>\n\n\n\n<p class=\"wp-block-paragraph\">Und unterwegs esse ich gerne Schafgabe und bilde mir inzwischen ein, dass das gut f\u00fcr die Prostata ist. Kann alles immer Zufall sein, da ich mich eh jeden Tag anders f\u00fchle. Warum? Ja, es k\u00f6nnte dies oder jenes sein.<\/p>\n\n\n\n<p class=\"wp-block-paragraph\">Nachts meditiere ich gerne im Schmetterlingssitz auf dem Sofa und am Vormittag auf dem Fahrrad. Ich bilde mir zumindest ein, dass sich dadurch meine Stimmung hebt und ich die politischen Grausamkeiten besser verkrafte, die die beiden Q-Anon-Heiligen Trump und Putin durch in ihrem &#8222;segensreichen Wirken&#8220; pr\u00e4sentieren.<\/p>\n\n\n\n<p class=\"wp-block-paragraph\">Der Anspruch der Menschheit an &#8222;Heilige&#8220; war schon einmal h\u00f6her, meine ich, aber ich mag mich irren.<\/p>\n\n\n\n<p class=\"wp-block-paragraph\">Das, was uns aber wirklich das Genick brechen k\u00f6nnte, ist meiner Ansicht nach der Klimawandel, so dass ich weitestgehend auf das Auto verzichte. Aber was die anderen machen, geht mich dann nichts mehr an.<\/p>\n\n\n\n<p class=\"wp-block-paragraph\">Radle ich so durch die Gegend, sehe ich, dass inzwischen auch die Tiere unter der extremen Trockenheit leiden. Gestern begegnete ich einem Hasen, der nicht einmal mehr weg lief.<\/p>\n\n\n\n<p class=\"wp-block-paragraph\">Und ich wei\u00df nicht, ob der Urwald um mein Haus nicht irgendwann einem Waldbrand zum Opfer fallen k\u00f6nnte.<\/p>\n\n\n\n<p class=\"wp-block-paragraph\">Einerseits sch\u00fctzt er etwas vor der Hitze, andererseits erh\u00f6ht sich die Gefahr, dass mein Haus eines Tages abfackelt. Was nun? Ich \u00fcberlege noch, aber tendiere dabei immer zur einfachsten L\u00f6sung: Ich tue nichts und warte mal ab. <\/p>\n\n\n\n<p class=\"wp-block-paragraph\">Vielleicht bleibt dieser Sommer vorerst eine Ausnahme? <\/p>\n\n\n\n<p class=\"wp-block-paragraph\">Ansonsten ersch\u00f6pfen sich meine Aufgaben darin, die V\u00f6gel zu f\u00fcttern und mit Wasser zu versorgen. Ehrlich gesagt, reicht mir das v\u00f6llig aus. Heute flog eine junge Blaumeise gegen das Fenster. Der erkl\u00e4rte ich dann, was eine Scheibe ist. Zumindest h\u00f6rte sie aufmerksam zu, bis sie genug von meiner Predigt hatte und das Weite suchte.<\/p>\n\n\n\n<p class=\"wp-block-paragraph\">Sie war erstaunlich zutraulich. Vielleicht hat sich ja mein Ruf in der Vogelwelt etwas verbessert? Etwas, denn trete ich vor die T\u00fcre, fliegt alles kreischend davon: &#8222;Das Monster. Rette sich wer kann.&#8220;<\/p>\n<div class=\"clearfix\"><span class='ldc-ul_cont' onclick=\"alter_ul_post_values(this,'11203','like')\" >gef\u00e4llt mir<img decoding=\"async\" src=\"http:\/\/ewig.es\/wordpress\/wp-content\/plugins\/like-dislike-counter-for-posts-pages-and-comments\/images\/up.png\" \/>(<span>5<\/span>)<\/span><span class='ldc-ul_cont' onclick=\"alter_ul_post_values(this,'11203','dislike')\" ><img decoding=\"async\" src=\"http:\/\/ewig.es\/wordpress\/wp-content\/plugins\/like-dislike-counter-for-posts-pages-and-comments\/images\/down.png\" \/>(<span>0<\/span>)<\/span><\/div>","protected":false},"excerpt":{"rendered":"<p>und Temperaturen um die 25\u00b0 C (wie heute) kommen mir inzwischen recht k\u00fchl vor. Derzeit fahre ich viel mit dem Fahrrad durch die Gegend, t\u00e4glich zwischen 30 und 50 km. Vor ein paar Tagen sah ich auf YouTube einen Bericht \u00fcber eine Studie, die meine Beobachtung best\u00e4tigt. Ich esse ja nichts zum Fr\u00fchst\u00fcck und radle &hellip; <a href=\"http:\/\/ewig.es\/index.php\/2026\/07\/23\/nun-rollt-hier-die-4-hitzewelle-an\/\" class=\"more-link\"><span class=\"screen-reader-text\">\u201eNun rollt hier die 4. Hitzewelle an\u201c<\/span> weiterlesen<\/a><\/p>\n","protected":false},"author":1,"featured_media":0,"comment_status":"open","ping_status":"closed","sticky":false,"template":"","format":"standard","meta":{"footnotes":""},"categories":[1],"tags":[],"class_list":["post-11203","post","type-post","status-publish","format-standard","hentry","category-tagebuch"],"_links":{"self":[{"href":"http:\/\/ewig.es\/index.php\/wp-json\/wp\/v2\/posts\/11203","targetHints":{"allow":["GET"]}}],"collection":[{"href":"http:\/\/ewig.es\/index.php\/wp-json\/wp\/v2\/posts"}],"about":[{"href":"http:\/\/ewig.es\/index.php\/wp-json\/wp\/v2\/types\/post"}],"author":[{"embeddable":true,"href":"http:\/\/ewig.es\/index.php\/wp-json\/wp\/v2\/users\/1"}],"replies":[{"embeddable":true,"href":"http:\/\/ewig.es\/index.php\/wp-json\/wp\/v2\/comments?post=11203"}],"version-history":[{"count":4,"href":"http:\/\/ewig.es\/index.php\/wp-json\/wp\/v2\/posts\/11203\/revisions"}],"predecessor-version":[{"id":11207,"href":"http:\/\/ewig.es\/index.php\/wp-json\/wp\/v2\/posts\/11203\/revisions\/11207"}],"wp:attachment":[{"href":"http:\/\/ewig.es\/index.php\/wp-json\/wp\/v2\/media?parent=11203"}],"wp:term":[{"taxonomy":"category","embeddable":true,"href":"http:\/\/ewig.es\/index.php\/wp-json\/wp\/v2\/categories?post=11203"},{"taxonomy":"post_tag","embeddable":true,"href":"http:\/\/ewig.es\/index.php\/wp-json\/wp\/v2\/tags?post=11203"}],"curies":[{"name":"wp","href":"https:\/\/api.w.org\/{rel}","templated":true}]}}