{"id":11217,"date":"2026-07-31T06:51:41","date_gmt":"2026-07-31T04:51:41","guid":{"rendered":"http:\/\/ewig.es\/?p=11217"},"modified":"2026-07-31T06:55:07","modified_gmt":"2026-07-31T04:55:07","slug":"missverstaendnisse-um-den-begriff-ego","status":"publish","type":"post","link":"http:\/\/ewig.es\/index.php\/2026\/07\/31\/missverstaendnisse-um-den-begriff-ego\/","title":{"rendered":"Missverst\u00e4ndnisse um den Begriff: &#8222;Ego&#8220;"},"content":{"rendered":"\n<p class=\"wp-block-paragraph\">Im spirituellen Umfeld auf YouTube st\u00f6rt mich am meisten der Umgang mit dem Begriff &#8222;Ego&#8220;.<\/p>\n\n\n\n<p class=\"wp-block-paragraph\">Er vermittelt gerne die Vorstellung, als sei ich selbst eine Instanz jenseits des &#8222;Ego&#8220;, die das &#8222;Ego&#8220; besiegen k\u00f6nnte. Als w\u00e4ren da zwei. Ich als das &#8222;Ego&#8220; (das falsche ich). Und ich als das &#8222;Trans-Ego&#8220;, das wahre ich.<\/p>\n\n\n\n<p class=\"wp-block-paragraph\">Vorsicht Falle, denn das &#8222;Ego&#8220; existiert nur ungetrennt, nicht wirklich aus zwei &#8222;Egos&#8220; &#8211; und dieses eine Ego, als Ich, bestimmt alles.<\/p>\n\n\n\n<p class=\"wp-block-paragraph\">Wer sich auf den spirituellen Weg macht? Ein Entscheidung des &#8222;Ego&#8220;.<\/p>\n\n\n\n<p class=\"wp-block-paragraph\">Wie gehe ich nun rein praktisch mit dem &#8222;Ego&#8220; um? Das Verst\u00e4ndnis entwickeln, dass es sich beim &#8222;Ego&#8220; um das Gesamtereignis handelt.<\/p>\n\n\n\n<p class=\"wp-block-paragraph\">Im Thema sind nicht zwei: Einer, der das Ego ist &#8211; und dann noch einer, der das Ego \u00fcberwinden will.<\/p>\n\n\n\n<p class=\"wp-block-paragraph\">Wer auf dieses verbreitete Missverst\u00e4ndnis hinein f\u00e4llt, jagt einfach, wie ein Hund, dem eigenen Schwanz hinterher.<\/p>\n\n\n\n<p class=\"wp-block-paragraph\">Ich ist keine vom &#8222;Ego&#8220; getrennte Macht. Es ist das Ego selbst, das sich selbst &#8222;reformiert&#8220; und darin das Bild von &#8222;zwei&#8220; zeichnet: Ein alter Zustand des Ego und ein &#8222;reformierter&#8220;.<\/p>\n\n\n\n<p class=\"wp-block-paragraph\">Es ist aber dabei das Ego selbst, das sich selbst &#8222;reformiert&#8220;. Und diese F\u00e4higkeit des Ego wird gerne als h\u00f6here Macht \u00fcber das Ego interpretiert.<\/p>\n\n\n\n<p class=\"wp-block-paragraph\">Es ist aber einfach die Macht des Ego, sich selbst zu ver\u00e4ndern. Die Macht geh\u00f6rt dem Ego selbst.<\/p>\n\n\n\n<p class=\"wp-block-paragraph\">Vom Ego sehe ich immer nur seine Oberfl\u00e4che: Als mich selbst als diese Pers\u00f6nlichkeit mit ihrer Weltinterpretation.<\/p>\n\n\n\n<p class=\"wp-block-paragraph\">Und diese Oberfl\u00e4che erscheint auf einem \u00fcber das ganze bekannte und unbekannte Universum ungetrennten Bewegung.<\/p>\n\n\n\n<p class=\"wp-block-paragraph\">Das ganze Universum ist eine Bewegung; die des Ego.<\/p>\n\n\n\n<p class=\"wp-block-paragraph\">Und wie ich mich im Ego bewege, bestimmt, was mich dazu bewegt, mich zu bewegen und solche seltsame Texte zu schreiben:<\/p>\n\n\n\n<p class=\"wp-block-paragraph\">Das &#8222;b\u00f6se&#8220; Ego. Und mit dem &#8222;b\u00f6se&#8220; bist du schon reingefallen. Auf wen? Auf dich selbst.<\/p>\n\n\n\n<p class=\"wp-block-paragraph\">Vorsicht mit dem EGO. \ud83d\ude42<\/p>\n\n\n\n<p class=\"wp-block-paragraph\"><\/p>\n\n\n\n<p class=\"wp-block-paragraph\"><\/p>\n<div class=\"clearfix\"><span class='ldc-ul_cont' onclick=\"alter_ul_post_values(this,'11217','like')\" >gef\u00e4llt mir<img decoding=\"async\" src=\"http:\/\/ewig.es\/wordpress\/wp-content\/plugins\/like-dislike-counter-for-posts-pages-and-comments\/images\/up.png\" \/>(<span>4<\/span>)<\/span><span class='ldc-ul_cont' onclick=\"alter_ul_post_values(this,'11217','dislike')\" ><img decoding=\"async\" src=\"http:\/\/ewig.es\/wordpress\/wp-content\/plugins\/like-dislike-counter-for-posts-pages-and-comments\/images\/down.png\" \/>(<span>0<\/span>)<\/span><\/div>","protected":false},"excerpt":{"rendered":"<p>Im spirituellen Umfeld auf YouTube st\u00f6rt mich am meisten der Umgang mit dem Begriff &#8222;Ego&#8220;. Er vermittelt gerne die Vorstellung, als sei ich selbst eine Instanz jenseits des &#8222;Ego&#8220;, die das &#8222;Ego&#8220; besiegen k\u00f6nnte. Als w\u00e4ren da zwei. Ich als das &#8222;Ego&#8220; (das falsche ich). Und ich als das &#8222;Trans-Ego&#8220;, das wahre ich. Vorsicht Falle, &hellip; <a href=\"http:\/\/ewig.es\/index.php\/2026\/07\/31\/missverstaendnisse-um-den-begriff-ego\/\" class=\"more-link\"><span class=\"screen-reader-text\">\u201eMissverst\u00e4ndnisse um den Begriff: &#8222;Ego&#8220;\u201c<\/span> weiterlesen<\/a><\/p>\n","protected":false},"author":1,"featured_media":0,"comment_status":"open","ping_status":"closed","sticky":false,"template":"","format":"standard","meta":{"footnotes":""},"categories":[1],"tags":[],"class_list":["post-11217","post","type-post","status-publish","format-standard","hentry","category-tagebuch"],"_links":{"self":[{"href":"http:\/\/ewig.es\/index.php\/wp-json\/wp\/v2\/posts\/11217","targetHints":{"allow":["GET"]}}],"collection":[{"href":"http:\/\/ewig.es\/index.php\/wp-json\/wp\/v2\/posts"}],"about":[{"href":"http:\/\/ewig.es\/index.php\/wp-json\/wp\/v2\/types\/post"}],"author":[{"embeddable":true,"href":"http:\/\/ewig.es\/index.php\/wp-json\/wp\/v2\/users\/1"}],"replies":[{"embeddable":true,"href":"http:\/\/ewig.es\/index.php\/wp-json\/wp\/v2\/comments?post=11217"}],"version-history":[{"count":3,"href":"http:\/\/ewig.es\/index.php\/wp-json\/wp\/v2\/posts\/11217\/revisions"}],"predecessor-version":[{"id":11220,"href":"http:\/\/ewig.es\/index.php\/wp-json\/wp\/v2\/posts\/11217\/revisions\/11220"}],"wp:attachment":[{"href":"http:\/\/ewig.es\/index.php\/wp-json\/wp\/v2\/media?parent=11217"}],"wp:term":[{"taxonomy":"category","embeddable":true,"href":"http:\/\/ewig.es\/index.php\/wp-json\/wp\/v2\/categories?post=11217"},{"taxonomy":"post_tag","embeddable":true,"href":"http:\/\/ewig.es\/index.php\/wp-json\/wp\/v2\/tags?post=11217"}],"curies":[{"name":"wp","href":"https:\/\/api.w.org\/{rel}","templated":true}]}}