{"id":11235,"date":"2026-08-04T20:14:35","date_gmt":"2026-08-04T18:14:35","guid":{"rendered":"http:\/\/ewig.es\/?p=11235"},"modified":"2026-08-04T20:17:42","modified_gmt":"2026-08-04T18:17:42","slug":"ich-mag-mich-im-thema-ki-irren","status":"publish","type":"post","link":"http:\/\/ewig.es\/index.php\/2026\/08\/04\/ich-mag-mich-im-thema-ki-irren\/","title":{"rendered":"Ich mag mich im Thema KI irren,"},"content":{"rendered":"\n<p class=\"wp-block-paragraph\">aber ich untersch\u00e4tze in diesem Thema gerne die biologische Intelligenz, deren wirklichen Umfang ich noch gar nicht kenne. <\/p>\n\n\n\n<p class=\"wp-block-paragraph\">Pers\u00f6nliche Intelligenz greift meiner Erfahrung nach auf das &#8222;kollektive Unterbewusstsein&#8220; zur\u00fcck, aber au\u00dfer einigen vagen und der Hinterfragung w\u00fcrdigen Modellen haben ich \u00fcber das kollektive Unterbewusstsein nichts in der Hand.<\/p>\n\n\n\n<p class=\"wp-block-paragraph\">Das ist diese &#8222;H\u00f6here Macht&#8220; oder &#8222;h\u00f6here Intelligenz&#8220; des Selbst, wie sie in der Spiritualit\u00e4t thematisiert wird&#8230; angefangen von Bild &#8222;Gott&#8220; bis hin zur formlosen Intelligenz.<\/p>\n\n\n\n<p class=\"wp-block-paragraph\">Ich pers\u00f6nlich gehe ja noch weiter, denn die Gesamtheit kosmischer Intelligenz ist Im Hier als die sogenannte Leere, das reine Bewusstsein, die Permanenz selbst: Ohne sie kein Ereignis, egal welches.<\/p>\n\n\n\n<p class=\"wp-block-paragraph\">Wie es sich in dieser Intelligenz bestimmt? Mir unergr\u00fcndlich. <\/p>\n\n\n\n<p class=\"wp-block-paragraph\">Das, was die Menschen zur KI-Entwicklung &#8222;anstiftet&#8220; ist die eigentliche Intelligenz. Die entsteht nicht in einer KI, die steht permanent in ihrem Hintergrund.<\/p>\n\n\n\n<p class=\"wp-block-paragraph\">Der Mensch bildet sich zwar gerne etwas auch seine Genialit\u00e4t ein, auch ich :-),<\/p>\n\n\n\n<p class=\"wp-block-paragraph\">aber &#8230; das war dann auch schon fast alles, was ihm blieb.<\/p>\n\n\n\n<p class=\"wp-block-paragraph\">Eine Einbildung, in der ihn &#8222;H\u00f6here Macht&#8220; zu seinem willigen Opfer machte.<\/p>\n\n\n\n<p class=\"wp-block-paragraph\">Wobei hier das Selbst gerne mit Zuckerbrot und Peitsche regiert.<\/p>\n\n\n\n<p class=\"wp-block-paragraph\">Der Mensch ist kein getrenntes Ereignis vom Szenario: unser Universum.<\/p>\n\n\n\n<p class=\"wp-block-paragraph\">Er ist immer ein Teil &#8211; und darin &#8211; relativ gesehen &#8211; Opfer und T\u00e4ter am Gesamtereignis.<\/p>\n\n\n\n<p class=\"wp-block-paragraph\">Und im Thema Schuld gerne der Pr\u00fcgelknabe des Selbst. Ich stifte dich erst an, dann lasse ich dich verpr\u00fcgeln und schenke dir daf\u00fcr auch noch die Einbildung, dass du selbst Schuld bist.<\/p>\n\n\n\n<p class=\"wp-block-paragraph\">Aber unter uns gesagt: Der Mensch hat so gut wie nichts im Griff, \u00fcber seine Einbildung hinaus und ist weit mehr &#8222;der Angestiftete&#8220; als &#8222;der Anstifter.&#8220;<\/p>\n\n\n\n<p class=\"wp-block-paragraph\">&#8222;Selber Denken&#8220; f\u00e4ngt dort an, wo ich mir dar\u00fcber bewusst werde, wie angestiftet ich selbst im Denken bin. Denken ist ebenso ein von der Pers\u00f6nlichkeit weitgehend unabh\u00e4ngiges Ereignis. Denken wird &#8222;angestiftet&#8220;<\/p>\n\n\n\n<p class=\"wp-block-paragraph\">Aber, ich bin es ja selbst, so ist es auch nicht mein Feind. Und eine gute Frage, wie ich pers\u00f6nlich Freundschaft mit &#8222;h\u00f6herer Intelligenz&#8220; schlie\u00dfe?<\/p>\n\n\n\n<p class=\"wp-block-paragraph\">Und das Wort &#8222;pers\u00f6nlich&#8220; erscheint mir hier wichtig. Es kenne kein Patentrezept.<\/p>\n\n\n\n<p class=\"wp-block-paragraph\">Hilfreich ist f\u00fcr mich, mich und das Universum als ein in sich ungetrenntes Ereignis wahrzunehmen. Ich bin pers\u00f6nlich nur so, da das Universum so ist, wie es ist. Und wie es sich ver\u00e4ndert, ver\u00e4ndere ich mich mit ihm.<\/p>\n\n\n\n<p class=\"wp-block-paragraph\">Da ist nicht einmal ich als die Pers\u00f6nlichkeit und dann noch zus\u00e4tzlich das Universum. Und ich sein Arzt. Der Mensch ist der eingebildete Arzt, der aber permanent vom Universum verarztet wird &#8211; und warum?<\/p>\n\n\n\n<p class=\"wp-block-paragraph\">Der Hund und sein Schwanz sind keine zwei getrennten Existenzen, so lange er ihm hinterher jagen mag.<\/p>\n\n\n\n<p class=\"wp-block-paragraph\">Bleibe ich sehen, bleibt auch der Schwanz stehen.<\/p>\n\n\n\n<p class=\"wp-block-paragraph\"><\/p>\n\n\n\n<p class=\"wp-block-paragraph\"><\/p>\n\n\n\n<p class=\"wp-block-paragraph\"><\/p>\n<div class=\"clearfix\"><span class='ldc-ul_cont' onclick=\"alter_ul_post_values(this,'11235','like')\" >gef\u00e4llt mir<img decoding=\"async\" src=\"http:\/\/ewig.es\/wordpress\/wp-content\/plugins\/like-dislike-counter-for-posts-pages-and-comments\/images\/up.png\" \/>(<span>3<\/span>)<\/span><span class='ldc-ul_cont' onclick=\"alter_ul_post_values(this,'11235','dislike')\" ><img decoding=\"async\" src=\"http:\/\/ewig.es\/wordpress\/wp-content\/plugins\/like-dislike-counter-for-posts-pages-and-comments\/images\/down.png\" \/>(<span>0<\/span>)<\/span><\/div>","protected":false},"excerpt":{"rendered":"<p>aber ich untersch\u00e4tze in diesem Thema gerne die biologische Intelligenz, deren wirklichen Umfang ich noch gar nicht kenne. Pers\u00f6nliche Intelligenz greift meiner Erfahrung nach auf das &#8222;kollektive Unterbewusstsein&#8220; zur\u00fcck, aber au\u00dfer einigen vagen und der Hinterfragung w\u00fcrdigen Modellen haben ich \u00fcber das kollektive Unterbewusstsein nichts in der Hand. Das ist diese &#8222;H\u00f6here Macht&#8220; oder &#8222;h\u00f6here &hellip; <a href=\"http:\/\/ewig.es\/index.php\/2026\/08\/04\/ich-mag-mich-im-thema-ki-irren\/\" class=\"more-link\"><span class=\"screen-reader-text\">\u201eIch mag mich im Thema KI irren,\u201c<\/span> weiterlesen<\/a><\/p>\n","protected":false},"author":1,"featured_media":0,"comment_status":"open","ping_status":"closed","sticky":false,"template":"","format":"standard","meta":{"footnotes":""},"categories":[1],"tags":[],"class_list":["post-11235","post","type-post","status-publish","format-standard","hentry","category-tagebuch"],"_links":{"self":[{"href":"http:\/\/ewig.es\/index.php\/wp-json\/wp\/v2\/posts\/11235","targetHints":{"allow":["GET"]}}],"collection":[{"href":"http:\/\/ewig.es\/index.php\/wp-json\/wp\/v2\/posts"}],"about":[{"href":"http:\/\/ewig.es\/index.php\/wp-json\/wp\/v2\/types\/post"}],"author":[{"embeddable":true,"href":"http:\/\/ewig.es\/index.php\/wp-json\/wp\/v2\/users\/1"}],"replies":[{"embeddable":true,"href":"http:\/\/ewig.es\/index.php\/wp-json\/wp\/v2\/comments?post=11235"}],"version-history":[{"count":3,"href":"http:\/\/ewig.es\/index.php\/wp-json\/wp\/v2\/posts\/11235\/revisions"}],"predecessor-version":[{"id":11239,"href":"http:\/\/ewig.es\/index.php\/wp-json\/wp\/v2\/posts\/11235\/revisions\/11239"}],"wp:attachment":[{"href":"http:\/\/ewig.es\/index.php\/wp-json\/wp\/v2\/media?parent=11235"}],"wp:term":[{"taxonomy":"category","embeddable":true,"href":"http:\/\/ewig.es\/index.php\/wp-json\/wp\/v2\/categories?post=11235"},{"taxonomy":"post_tag","embeddable":true,"href":"http:\/\/ewig.es\/index.php\/wp-json\/wp\/v2\/tags?post=11235"}],"curies":[{"name":"wp","href":"https:\/\/api.w.org\/{rel}","templated":true}]}}