{"id":11268,"date":"2026-08-30T05:34:10","date_gmt":"2026-08-30T03:34:10","guid":{"rendered":"http:\/\/ewig.es\/?p=11268"},"modified":"2026-08-30T05:37:15","modified_gmt":"2026-08-30T03:37:15","slug":"meine-beiden-maeuse-sind-hyperaktiv","status":"publish","type":"post","link":"http:\/\/ewig.es\/index.php\/2026\/08\/30\/meine-beiden-maeuse-sind-hyperaktiv\/","title":{"rendered":"Meine beiden M\u00e4use sind hyperaktiv"},"content":{"rendered":"\n<p class=\"wp-block-paragraph\">und hatten schon wieder das WLAN-Kabel durchgebissen, um das Loch f\u00fcr das Kabel in der Wand zum G\u00e4stezimmer als Tunnel auszubauen.<\/p>\n\n\n\n<p class=\"wp-block-paragraph\">M\u00e4use brauchen auch Abwechslung. Mal fressen sie, dann jagen sie hintereinander her, schlagen Haken, vollziehen Luftspr\u00fcnge. Und dann wenden sie sich wieder ihren Bauprojekten im Bereich Tiefbau zu.<\/p>\n\n\n\n<p class=\"wp-block-paragraph\">Dann streift die Maus auch wieder durch die Gegend, klettert \u00fcberall hoch, erforscht jedes Regal und die letzte Ecke unter dem Bett.<\/p>\n\n\n\n<p class=\"wp-block-paragraph\">Und manchmal sitzt eine Maus unter dem Sessel an der Wand uns starrt mich an, wie ich im Internet surfe.<\/p>\n\n\n\n<p class=\"wp-block-paragraph\">Das ist schon ein herziges Wesen, so klein, gro\u00dfe Augen und gro\u00dfe Ohren. Was mag sie wohl denken? Interessanter Weise unterscheiden die M\u00e4use zwischen den Ger\u00e4uschen aus dem Computer und denen aus dem Raum. Auf erstere reagieren sie gar nicht.<\/p>\n\n\n\n<p class=\"wp-block-paragraph\">Und wie sich der Bioalgorithmus der Maus an mir abarbeitet, so habe ich mich in die Ewigkeit als &#8222;Sparringspartner&#8220; verbissen. <\/p>\n\n\n\n<p class=\"wp-block-paragraph\">Ich k\u00f6nnte nun endlos dar\u00fcber schreiben, aber belasse es vorerst mal lieber bei den M\u00e4usen. Mensch und Maus sind sich ja genetisch sehr \u00e4hnlich. Und etwas an den Stellschrauben gedreht, wird die Maus zum Menschen oder der Mensch zur Maus.<\/p>\n\n\n\n<p class=\"wp-block-paragraph\">Die Ewigkeit erscheint zwar in sich indifferent und unver\u00e4nderbar, aber im pers\u00f6nlichen Ausdruck ohne uns bekannte Grenzen.<\/p>\n\n\n\n<p class=\"wp-block-paragraph\">Pers\u00f6nlich kann ich mich nicht festhalten. Und als die Substanz zur Pers\u00f6nlichkeit habe ich keine verbindliche Gestalt, nicht einmal eine erkennbare relative Gr\u00f6\u00dfe. <\/p>\n\n\n\n<p class=\"wp-block-paragraph\">Die Ewigkeit als &#8222;der Same&#8220; in dem Gestalt als reine Potenz ruht. Und wo die Gestalt Potenz ist, ist auch die Raumzeit nur Potenz, sprich: Keine absolute Gr\u00f6\u00dfe.  <\/p>\n\n\n\n<p class=\"wp-block-paragraph\">&#8222;Absolut&#8220; ist nur das Nichts, aber Vorsicht. Es ist darin als Potenz sprichw\u00f6rtlich gr\u00f6\u00dfer als alle Gestalt zusammen. Nur l\u00e4sst es sich darin nicht ausmessen, denn Potenz, Energie, erscheint hier als &#8222;pr\u00e4sente Leere&#8220;.<\/p>\n\n\n\n<p class=\"wp-block-paragraph\">Wo? Dort, wo du schon immer bist: Hier. \ud83d\ude42<\/p>\n\n\n\n<p class=\"wp-block-paragraph\"><\/p>\n\n\n\n<p class=\"wp-block-paragraph\"><\/p>\n\n\n\n<p class=\"wp-block-paragraph\"><\/p>\n<div class=\"clearfix\"><span class='ldc-ul_cont' onclick=\"alter_ul_post_values(this,'11268','like')\" >gef\u00e4llt mir<img decoding=\"async\" src=\"http:\/\/ewig.es\/wordpress\/wp-content\/plugins\/like-dislike-counter-for-posts-pages-and-comments\/images\/up.png\" \/>(<span>2<\/span>)<\/span><span class='ldc-ul_cont' onclick=\"alter_ul_post_values(this,'11268','dislike')\" ><img decoding=\"async\" src=\"http:\/\/ewig.es\/wordpress\/wp-content\/plugins\/like-dislike-counter-for-posts-pages-and-comments\/images\/down.png\" \/>(<span>0<\/span>)<\/span><\/div>","protected":false},"excerpt":{"rendered":"<p>und hatten schon wieder das WLAN-Kabel durchgebissen, um das Loch f\u00fcr das Kabel in der Wand zum G\u00e4stezimmer als Tunnel auszubauen. M\u00e4use brauchen auch Abwechslung. Mal fressen sie, dann jagen sie hintereinander her, schlagen Haken, vollziehen Luftspr\u00fcnge. Und dann wenden sie sich wieder ihren Bauprojekten im Bereich Tiefbau zu. Dann streift die Maus auch wieder &hellip; <a href=\"http:\/\/ewig.es\/index.php\/2026\/08\/30\/meine-beiden-maeuse-sind-hyperaktiv\/\" class=\"more-link\"><span class=\"screen-reader-text\">\u201eMeine beiden M\u00e4use sind hyperaktiv\u201c<\/span> weiterlesen<\/a><\/p>\n","protected":false},"author":1,"featured_media":0,"comment_status":"open","ping_status":"closed","sticky":false,"template":"","format":"standard","meta":{"footnotes":""},"categories":[1],"tags":[],"class_list":["post-11268","post","type-post","status-publish","format-standard","hentry","category-tagebuch"],"_links":{"self":[{"href":"http:\/\/ewig.es\/index.php\/wp-json\/wp\/v2\/posts\/11268","targetHints":{"allow":["GET"]}}],"collection":[{"href":"http:\/\/ewig.es\/index.php\/wp-json\/wp\/v2\/posts"}],"about":[{"href":"http:\/\/ewig.es\/index.php\/wp-json\/wp\/v2\/types\/post"}],"author":[{"embeddable":true,"href":"http:\/\/ewig.es\/index.php\/wp-json\/wp\/v2\/users\/1"}],"replies":[{"embeddable":true,"href":"http:\/\/ewig.es\/index.php\/wp-json\/wp\/v2\/comments?post=11268"}],"version-history":[{"count":3,"href":"http:\/\/ewig.es\/index.php\/wp-json\/wp\/v2\/posts\/11268\/revisions"}],"predecessor-version":[{"id":11272,"href":"http:\/\/ewig.es\/index.php\/wp-json\/wp\/v2\/posts\/11268\/revisions\/11272"}],"wp:attachment":[{"href":"http:\/\/ewig.es\/index.php\/wp-json\/wp\/v2\/media?parent=11268"}],"wp:term":[{"taxonomy":"category","embeddable":true,"href":"http:\/\/ewig.es\/index.php\/wp-json\/wp\/v2\/categories?post=11268"},{"taxonomy":"post_tag","embeddable":true,"href":"http:\/\/ewig.es\/index.php\/wp-json\/wp\/v2\/tags?post=11268"}],"curies":[{"name":"wp","href":"https:\/\/api.w.org\/{rel}","templated":true}]}}