{"id":4221,"date":"2021-11-16T07:22:14","date_gmt":"2021-11-16T06:22:14","guid":{"rendered":"http:\/\/ewig.es\/?p=4221"},"modified":"2021-11-16T07:38:48","modified_gmt":"2021-11-16T06:38:48","slug":"impfung","status":"publish","type":"post","link":"http:\/\/ewig.es\/index.php\/2021\/11\/16\/impfung\/","title":{"rendered":"Impfung und&#8230;"},"content":{"rendered":"\n<p class=\"wp-block-paragraph\">Am fr\u00fchen Morgen f\u00fchrte ich nochmals eine Diskussion mit Ursula \u00fcber die &#8222;schreckliche&#8220; Impfung. Und was mich ankotzt, sind diese Diskussionen von Impfschwurblern aller Couleur, die alte Leute so verunsichern, dass sie sich einem v\u00f6llig \u00fcberfl\u00fcssigen Risiko aussetzen.<\/p>\n\n\n\n<p class=\"wp-block-paragraph\">Wenn ich selbst in einem akademischen Metier t\u00e4tig war, wei\u00df ich, dass in jedem Fachbereich Deppen herumlaufen und kann solche Diskussionen besser einsch\u00e4tzen. Aber viele, insbesondere gerade \u00e4lteren Leute, die in dieser Pandemie ein hohes Risiko tragen, werden durch diese Deppen so verunsichert, dass es v\u00f6llig \u00fcberfl\u00fcssige Tote gibt.<\/p>\n\n\n\n<p class=\"wp-block-paragraph\">Und an diesem Punkt h\u00f6rt bei mir das Thema Toleranz auf, da eine Lage &#8211; wie derzeit in Deutschland und viel st\u00e4rker in Osteuropa &#8211; \u00fcberfl\u00fcssig wie ein Kropf ist. Wenn dann kleinkariert religi\u00f6se, politische oder spirituelle Deppen (und ja, zu diesem Begriff stehe ich) das f\u00fcr ihre Zwecke nutzen, geht mir die Galle hoch. <\/p>\n\n\n\n<p class=\"wp-block-paragraph\">Dann stehe ich &#8211; wie heute Morgen in der Nacht &#8211; und versuche es mit Engelszungen. Und ich bin nicht als Diplomat geboren. <\/p>\n\n\n\n<p class=\"wp-block-paragraph\">Mein Vater litt unter schizophrenen Sch\u00fcben mit Verfolgungswahn, was ihm zuletzt das Leben kostete. Und so \u00e4hnlich kommen mir einige dieser &#8222;Erleuchteten&#8220; vor. Sie sehen nur noch Bedrohungsszenarien, v\u00f6llig irrational, die gro\u00dfe Weltverschw\u00f6rung, &#8222;Q-Anon&#8220; l\u00e4sst gr\u00fc\u00dfen, liegen dann mit der geladenen Pistole bibbernd im Bett.<\/p>\n\n\n\n<p class=\"wp-block-paragraph\">Einen viel anderen Eindruck habe ich von einigen dieser Neo-Propheten nicht. Ich kann nur warnen. Nicht, weil ich so gut bin, ein Genie w\u00e4re, sondern weil ich selbst unter solch einer toxischen Vaterfigur aufgewachsen bin.<\/p>\n\n\n\n<p class=\"wp-block-paragraph\">Ja, die k\u00f6nnen auch durchaus charmant und nett sein, haben alle ihre spezifische Genialit\u00e4t, stehen aber auch hilflos vor ihrem eigenen Problem, haben sogar in ihren Sch\u00fcben Erleuchtungserlebnisse.<\/p>\n\n\n\n<p class=\"wp-block-paragraph\">Eine meiner letzten Diskussionen mit meinem Vater kreiste darum, wie er in das Selbst rein- und rausfiel&#8230; jetzt bin ich drin&#8230; jetzt falle ich wieder raus. Damals war ich noch nicht &#8222;erwacht&#8220;, konnte nicht helfen&#8230; so wenig wie meinem Onkel. Und auch heute w\u00e4re m\u00f6gliche Hilfe durch mich eher zweifelhaft.<\/p>\n\n\n\n<p class=\"wp-block-paragraph\">Leute, das ist meine Warnung, seid mit solchen Menschen einerseits nachsichtig aber auch extrem vorsichtig. <\/p>\n\n\n\n<p class=\"wp-block-paragraph\">Wirkliches spirituelles Erwachen ist auch heute dieselbe Rarit\u00e4t, die es historisch immer war. Und keines ist wirklich &#8222;rein&#8220;, frei von pers\u00f6nlicher Verzerrung. Auch bei mir nicht. Und es laufen im Thema viele Illusionisten wie auch Wahnsinnige herum.<\/p>\n\n\n\n<p class=\"wp-block-paragraph\">Daher ist der wirkliche Guru NUR das Selbst. Und wo das Thema auf den Menschen trifft, dominiert gerne der relative Wahnsinn in seinen mannigfaltigen Spielweisen. Und gegen den ist kein Kraut gewachsen. <\/p>\n\n\n\n<p class=\"wp-block-paragraph\">Und warum mich das Leben gerade immer wieder mit dem Wahnsinn im &#8222;spirituellen Thema&#8220; konfrontierte, der Naivit\u00e4t und seiner emotionalen Ersatzfunktionen, wei\u00df ich nicht.<\/p>\n\n\n\n<p class=\"wp-block-paragraph\">Ich versuche daher zuk\u00fcnftig mehr die praktische Seite auszuleuchten, wie ich selbst als Mensch zum Selbst eine Beziehung aufbauen und vertiefen kann, Atman Vichara im energetischen Ich wie im Aspekt des Bewusstseins&#8230; was nicht mehr als die endlose Baustelle ist, die das Thema seit Jahrtausenden war.<\/p>\n\n\n\n<p class=\"wp-block-paragraph\">Was Milarepa seinem letzten Sch\u00fcler als Hinweis zeigte, war sein mit Schwielen \u00fcbers\u00e4ter Arsch&#8230; als der Hinweis, wo wir im Thema sozial real stehen. <\/p>\n<div class=\"clearfix\"><span class='ldc-ul_cont' onclick=\"alter_ul_post_values(this,'4221','like')\" >gef\u00e4llt mir<img decoding=\"async\" src=\"http:\/\/ewig.es\/wordpress\/wp-content\/plugins\/like-dislike-counter-for-posts-pages-and-comments\/images\/up.png\" \/>(<span>2<\/span>)<\/span><span class='ldc-ul_cont' onclick=\"alter_ul_post_values(this,'4221','dislike')\" ><img decoding=\"async\" src=\"http:\/\/ewig.es\/wordpress\/wp-content\/plugins\/like-dislike-counter-for-posts-pages-and-comments\/images\/down.png\" \/>(<span>0<\/span>)<\/span><\/div>","protected":false},"excerpt":{"rendered":"<p>Am fr\u00fchen Morgen f\u00fchrte ich nochmals eine Diskussion mit Ursula \u00fcber die &#8222;schreckliche&#8220; Impfung. Und was mich ankotzt, sind diese Diskussionen von Impfschwurblern aller Couleur, die alte Leute so verunsichern, dass sie sich einem v\u00f6llig \u00fcberfl\u00fcssigen Risiko aussetzen. Wenn ich selbst in einem akademischen Metier t\u00e4tig war, wei\u00df ich, dass in jedem Fachbereich Deppen herumlaufen &hellip; <a href=\"http:\/\/ewig.es\/index.php\/2021\/11\/16\/impfung\/\" class=\"more-link\"><span class=\"screen-reader-text\">\u201eImpfung und&#8230;\u201c<\/span> weiterlesen<\/a><\/p>\n","protected":false},"author":1,"featured_media":0,"comment_status":"open","ping_status":"closed","sticky":false,"template":"","format":"standard","meta":{"footnotes":""},"categories":[1],"tags":[],"class_list":["post-4221","post","type-post","status-publish","format-standard","hentry","category-tagebuch"],"_links":{"self":[{"href":"http:\/\/ewig.es\/index.php\/wp-json\/wp\/v2\/posts\/4221","targetHints":{"allow":["GET"]}}],"collection":[{"href":"http:\/\/ewig.es\/index.php\/wp-json\/wp\/v2\/posts"}],"about":[{"href":"http:\/\/ewig.es\/index.php\/wp-json\/wp\/v2\/types\/post"}],"author":[{"embeddable":true,"href":"http:\/\/ewig.es\/index.php\/wp-json\/wp\/v2\/users\/1"}],"replies":[{"embeddable":true,"href":"http:\/\/ewig.es\/index.php\/wp-json\/wp\/v2\/comments?post=4221"}],"version-history":[{"count":8,"href":"http:\/\/ewig.es\/index.php\/wp-json\/wp\/v2\/posts\/4221\/revisions"}],"predecessor-version":[{"id":4230,"href":"http:\/\/ewig.es\/index.php\/wp-json\/wp\/v2\/posts\/4221\/revisions\/4230"}],"wp:attachment":[{"href":"http:\/\/ewig.es\/index.php\/wp-json\/wp\/v2\/media?parent=4221"}],"wp:term":[{"taxonomy":"category","embeddable":true,"href":"http:\/\/ewig.es\/index.php\/wp-json\/wp\/v2\/categories?post=4221"},{"taxonomy":"post_tag","embeddable":true,"href":"http:\/\/ewig.es\/index.php\/wp-json\/wp\/v2\/tags?post=4221"}],"curies":[{"name":"wp","href":"https:\/\/api.w.org\/{rel}","templated":true}]}}