{"id":4231,"date":"2021-11-16T09:45:39","date_gmt":"2021-11-16T08:45:39","guid":{"rendered":"http:\/\/ewig.es\/?p=4231"},"modified":"2021-11-16T09:50:17","modified_gmt":"2021-11-16T08:50:17","slug":"extremereignisse","status":"publish","type":"post","link":"http:\/\/ewig.es\/index.php\/2021\/11\/16\/extremereignisse\/","title":{"rendered":"Extremereignisse"},"content":{"rendered":"\n<p class=\"wp-block-paragraph\">Extemereignisse sind nicht gef\u00e4hrlich, weil wir sozial nicht mit einem Extremereignis umgehen k\u00f6nnten, sondern weil sie einen &#8222;Pull-Effekt&#8220; erzeugen und somit immer das Risiko zu einer Kaskade von Extremereignissen bergen.<\/p>\n\n\n\n<p class=\"wp-block-paragraph\">Ein sch\u00f6nes Beispiel ist der KKW-Unfall in Fukushima nach dem Tsunami. Wir k\u00f6nnen uns auf jedes Extremszenario vorbereiten, aber tun diese gerne in der Naivit\u00e4t, dass es dann nur dieses eine w\u00e4re. Dabei untersch\u00e4tzen wir gerne diesen Kaskadeneffekt. Was als Einzelfall durchaus beherrschbar w\u00e4re, theoretisch, ist es in diesem Kaskadeneffekt nicht mehr. Vielleicht schon einfach dadurch, dass niemand mehr vor Ort ist oder der Ort nicht mehr erreichbar ist. <\/p>\n\n\n\n<p class=\"wp-block-paragraph\">Und je extremer die Lage von selbst wird, desto so eher sinkt auch noch die vorausschauende Qualit\u00e4t des politischen Personals, wie wir in dieser Phase des Neonationalismus global erleben d\u00fcrfen. Zugegeben sind das alles immer nur Tendenzen. Aber jede ist ein Baustein zu einem m\u00f6glichen Kollaps einer Zivilisation. <\/p>\n\n\n\n<p class=\"wp-block-paragraph\">&#8222;Eins kommt zum anderen&#8220;, die verk\u00fcrzte Darstellung, denn ein Extremereignis zieht andere an. Und ich, das ist meine subjektive Sicht, sehe in vielen dieser &#8222;Sicherheitsprognosen&#8220; inzwischen mehr Naivit\u00e4t als realistische Einsch\u00e4tzung, &#8222;Sicherheit&#8220; als eine Prognose im g\u00fcnstigsten Szenario f\u00fcr den betreffenden Einzelfall.<\/p>\n\n\n\n<p class=\"wp-block-paragraph\">Wenn wir ehrlich sind, m\u00fcssten wir zugeben, dass der Mensch wenig geeignet ist, mit Extremereignissen umzugehen. Dazu geh\u00f6rt auch die Psyche. Wie stabil ist sie \u00fcberhaupt noch im Extremszenario? Schon in dieser gar nicht so extremen Pandemie stellt sich sichtlich diese Frage. Das Personal kann sowohl physisch nicht mehr vor Ort sein als auch psychisch &#8211; also schon psychisch wom\u00f6glich nicht mehr mit der Situation so umgehen k\u00f6nnen wie in der Prognose angenommen.<\/p>\n\n\n\n<p class=\"wp-block-paragraph\">Ein Kollaps findet auf vielen Ebenen gleichzeitig statt, die sich gegenseitig verst\u00e4rken. Und lese ich zum Beispiel \u00fcber die neueren Erkenntnisse bez\u00fcglich der Klimaerw\u00e4rmung, wissen wir auch hier noch viel zu wenig \u00fcber die Pull-Faktoren, die pl\u00f6tzlich mit ins Spiel kommen und das Szenario potenziell unkontrollierbar machen.<\/p>\n\n\n\n<p class=\"wp-block-paragraph\">An dieser Stelle macht sich der Mensch weit mehr vor, malt sich alles gerne rosiger, als er real wirklich beherrschen kann. Der Mensch gibt &#8222;das Heft&#8220; weit fr\u00fcher ab, als er sich heute gerne einbildet, bis wann er noch &#8222;alles&#8220; in der Hand h\u00e4tte.<\/p>\n\n\n\n<p class=\"wp-block-paragraph\">Und zuletzt ist alles nur noch eine Schar kreischender H\u00fchner, von denen jedes in eine andere Richtung l\u00e4uft, sich versteckt &#8211; und welches dann \u00fcberlebt oder nicht: der reine Zufall. <\/p>\n\n\n\n<p class=\"wp-block-paragraph\"><\/p>\n<div class=\"clearfix\"><span class='ldc-ul_cont' onclick=\"alter_ul_post_values(this,'4231','like')\" >gef\u00e4llt mir<img decoding=\"async\" src=\"http:\/\/ewig.es\/wordpress\/wp-content\/plugins\/like-dislike-counter-for-posts-pages-and-comments\/images\/up.png\" \/>(<span>3<\/span>)<\/span><span class='ldc-ul_cont' onclick=\"alter_ul_post_values(this,'4231','dislike')\" ><img decoding=\"async\" src=\"http:\/\/ewig.es\/wordpress\/wp-content\/plugins\/like-dislike-counter-for-posts-pages-and-comments\/images\/down.png\" \/>(<span>0<\/span>)<\/span><\/div>","protected":false},"excerpt":{"rendered":"<p>Extemereignisse sind nicht gef\u00e4hrlich, weil wir sozial nicht mit einem Extremereignis umgehen k\u00f6nnten, sondern weil sie einen &#8222;Pull-Effekt&#8220; erzeugen und somit immer das Risiko zu einer Kaskade von Extremereignissen bergen. Ein sch\u00f6nes Beispiel ist der KKW-Unfall in Fukushima nach dem Tsunami. Wir k\u00f6nnen uns auf jedes Extremszenario vorbereiten, aber tun diese gerne in der Naivit\u00e4t, &hellip; <a href=\"http:\/\/ewig.es\/index.php\/2021\/11\/16\/extremereignisse\/\" class=\"more-link\"><span class=\"screen-reader-text\">\u201eExtremereignisse\u201c<\/span> weiterlesen<\/a><\/p>\n","protected":false},"author":1,"featured_media":0,"comment_status":"open","ping_status":"closed","sticky":false,"template":"","format":"standard","meta":{"footnotes":""},"categories":[1],"tags":[],"class_list":["post-4231","post","type-post","status-publish","format-standard","hentry","category-tagebuch"],"_links":{"self":[{"href":"http:\/\/ewig.es\/index.php\/wp-json\/wp\/v2\/posts\/4231","targetHints":{"allow":["GET"]}}],"collection":[{"href":"http:\/\/ewig.es\/index.php\/wp-json\/wp\/v2\/posts"}],"about":[{"href":"http:\/\/ewig.es\/index.php\/wp-json\/wp\/v2\/types\/post"}],"author":[{"embeddable":true,"href":"http:\/\/ewig.es\/index.php\/wp-json\/wp\/v2\/users\/1"}],"replies":[{"embeddable":true,"href":"http:\/\/ewig.es\/index.php\/wp-json\/wp\/v2\/comments?post=4231"}],"version-history":[{"count":5,"href":"http:\/\/ewig.es\/index.php\/wp-json\/wp\/v2\/posts\/4231\/revisions"}],"predecessor-version":[{"id":4236,"href":"http:\/\/ewig.es\/index.php\/wp-json\/wp\/v2\/posts\/4231\/revisions\/4236"}],"wp:attachment":[{"href":"http:\/\/ewig.es\/index.php\/wp-json\/wp\/v2\/media?parent=4231"}],"wp:term":[{"taxonomy":"category","embeddable":true,"href":"http:\/\/ewig.es\/index.php\/wp-json\/wp\/v2\/categories?post=4231"},{"taxonomy":"post_tag","embeddable":true,"href":"http:\/\/ewig.es\/index.php\/wp-json\/wp\/v2\/tags?post=4231"}],"curies":[{"name":"wp","href":"https:\/\/api.w.org\/{rel}","templated":true}]}}