{"id":4237,"date":"2021-11-16T10:13:09","date_gmt":"2021-11-16T09:13:09","guid":{"rendered":"http:\/\/ewig.es\/?p=4237"},"modified":"2021-11-16T10:18:32","modified_gmt":"2021-11-16T09:18:32","slug":"man-darf-mir-ankreiden","status":"publish","type":"post","link":"http:\/\/ewig.es\/index.php\/2021\/11\/16\/man-darf-mir-ankreiden\/","title":{"rendered":"Man darf mir ankreiden,"},"content":{"rendered":"\n<p class=\"wp-block-paragraph\">meine letzten beiden Beitr\u00e4ge betreffend, dass ich das alles &#8222;zu negativ&#8220; sehen w\u00fcrde. Aber das kommt auch gerne von Leuten, die &#8222;Angstbew\u00e4ltigung&#8220; als Flucht in rosige Szenarien sehen, so illusorisch sie n\u00fcchtern betrachtet sind.<\/p>\n\n\n\n<p class=\"wp-block-paragraph\">Wenn ich nur an den &#8222;Deppen mit Bart&#8220; glaube &#8211; heute reicht zugegeben schon ein Trump (das Niveau ist gesunken), dann&#8230;  Wenn ich nur diese oder jene Schei\u00dfe glaube &#8211; wider besseres Wissen &#8211; dann&#8230; bin ich &#8222;geheilt&#8220;.<\/p>\n\n\n\n<p class=\"wp-block-paragraph\">Es gibt keine Heilung vor der Angst. Und das ist von der Natur auch gar nicht beabsichtigt. Es gibt Deppen, die das Thema &#8222;Existenzangst&#8220; so interpretieren, als m\u00fcsste ich nur an den &#8222;richtigen Mist&#8220; glauben&#8230; dann ist sie weg, mirakul\u00f6s geheilt&#8230; der &#8222;Mann mit Bart&#8220; -heute &#8222;der Mafiosi&#8220;- wird es schon richten.<\/p>\n\n\n\n<p class=\"wp-block-paragraph\">Das ist so, wie wenn ich die Alarmanlage ausschalte &#8211; im Glauben, kann sie nicht losgehen, kann auch niemand in das Haus einbrechen.<\/p>\n\n\n\n<p class=\"wp-block-paragraph\">&#8222;Deppen der Angstbew\u00e4ltigung&#8220;.<\/p>\n\n\n\n<p class=\"wp-block-paragraph\">Ich muss v\u00f6llig nackt am Abgrund stehen. Und wenn ich dann noch &#8222;ja &#8220; zur Angst sagen kann, dann sind wir am Anfang des Themas &#8222;Angst&#8220;bew\u00e4ltigung&#8220;&#8220;:<\/p>\n\n\n\n<p class=\"wp-block-paragraph\">&#8222;Angst&#8220; ist ein Freund, der gerne verkannt wird.<\/p>\n<div class=\"clearfix\"><span class='ldc-ul_cont' onclick=\"alter_ul_post_values(this,'4237','like')\" >gef\u00e4llt mir<img decoding=\"async\" src=\"http:\/\/ewig.es\/wordpress\/wp-content\/plugins\/like-dislike-counter-for-posts-pages-and-comments\/images\/up.png\" \/>(<span>2<\/span>)<\/span><span class='ldc-ul_cont' onclick=\"alter_ul_post_values(this,'4237','dislike')\" ><img decoding=\"async\" src=\"http:\/\/ewig.es\/wordpress\/wp-content\/plugins\/like-dislike-counter-for-posts-pages-and-comments\/images\/down.png\" \/>(<span>0<\/span>)<\/span><\/div>","protected":false},"excerpt":{"rendered":"<p>meine letzten beiden Beitr\u00e4ge betreffend, dass ich das alles &#8222;zu negativ&#8220; sehen w\u00fcrde. Aber das kommt auch gerne von Leuten, die &#8222;Angstbew\u00e4ltigung&#8220; als Flucht in rosige Szenarien sehen, so illusorisch sie n\u00fcchtern betrachtet sind. Wenn ich nur an den &#8222;Deppen mit Bart&#8220; glaube &#8211; heute reicht zugegeben schon ein Trump (das Niveau ist gesunken), dann&#8230; &hellip; <a href=\"http:\/\/ewig.es\/index.php\/2021\/11\/16\/man-darf-mir-ankreiden\/\" class=\"more-link\"><span class=\"screen-reader-text\">\u201eMan darf mir ankreiden,\u201c<\/span> weiterlesen<\/a><\/p>\n","protected":false},"author":1,"featured_media":0,"comment_status":"open","ping_status":"closed","sticky":false,"template":"","format":"standard","meta":{"footnotes":""},"categories":[1],"tags":[],"class_list":["post-4237","post","type-post","status-publish","format-standard","hentry","category-tagebuch"],"_links":{"self":[{"href":"http:\/\/ewig.es\/index.php\/wp-json\/wp\/v2\/posts\/4237","targetHints":{"allow":["GET"]}}],"collection":[{"href":"http:\/\/ewig.es\/index.php\/wp-json\/wp\/v2\/posts"}],"about":[{"href":"http:\/\/ewig.es\/index.php\/wp-json\/wp\/v2\/types\/post"}],"author":[{"embeddable":true,"href":"http:\/\/ewig.es\/index.php\/wp-json\/wp\/v2\/users\/1"}],"replies":[{"embeddable":true,"href":"http:\/\/ewig.es\/index.php\/wp-json\/wp\/v2\/comments?post=4237"}],"version-history":[{"count":6,"href":"http:\/\/ewig.es\/index.php\/wp-json\/wp\/v2\/posts\/4237\/revisions"}],"predecessor-version":[{"id":4243,"href":"http:\/\/ewig.es\/index.php\/wp-json\/wp\/v2\/posts\/4237\/revisions\/4243"}],"wp:attachment":[{"href":"http:\/\/ewig.es\/index.php\/wp-json\/wp\/v2\/media?parent=4237"}],"wp:term":[{"taxonomy":"category","embeddable":true,"href":"http:\/\/ewig.es\/index.php\/wp-json\/wp\/v2\/categories?post=4237"},{"taxonomy":"post_tag","embeddable":true,"href":"http:\/\/ewig.es\/index.php\/wp-json\/wp\/v2\/tags?post=4237"}],"curies":[{"name":"wp","href":"https:\/\/api.w.org\/{rel}","templated":true}]}}