{"id":4286,"date":"2021-11-17T17:18:47","date_gmt":"2021-11-17T16:18:47","guid":{"rendered":"http:\/\/ewig.es\/?p=4286"},"modified":"2021-11-17T18:09:55","modified_gmt":"2021-11-17T17:09:55","slug":"atman-vichara","status":"publish","type":"post","link":"http:\/\/ewig.es\/index.php\/2021\/11\/17\/atman-vichara\/","title":{"rendered":"Atman Vichara"},"content":{"rendered":"\n<p class=\"wp-block-paragraph\">Eigentlich, so k\u00fcndigte ich an, wollte ich \u00fcber Atman Vichara schreiben. Und schreibe dann \u00fcber dies und jenes, &#8222;Alles und Nichts&#8220;, denn was ist nicht &#8222;Atman Vichara&#8220;?<\/p>\n\n\n\n<p class=\"wp-block-paragraph\">Und doch gibt es eine spirituelle \u00dcbung, die &#8222;Atman Vichara&#8220; genannt wird. Und die aus meiner Erfahrung hilfreich sein kann.<\/p>\n\n\n\n<p class=\"wp-block-paragraph\">Was ist nun &#8222;Atman Vichara&#8220;, ist im Grunde alles die Betrachtung &#8222;Atmans&#8220;?<\/p>\n\n\n\n<p class=\"wp-block-paragraph\">Wie der Advaita im &#8222;nicht dies, nicht dies&#8220; (neti,neti) thematisiert, geht es in dieser \u00dcbung um die Entkleidung des Ich bis zum Urgrund: Was ist Ich im Wesen?<\/p>\n\n\n\n<p class=\"wp-block-paragraph\">Wenn Ramana sagt: &#8222;alles was kommt und geht ist nicht wirklich&#8220;, thematisiert er in dieser Aussage dieses &#8222;Wesen&#8220; des Ich, das in dieser \u00dcbung gesucht wird. <\/p>\n\n\n\n<p class=\"wp-block-paragraph\">Es geht in ihr also nicht um die Dinge, die kommen und gehen, sondern das permanente Ich, oder anders gesagt, um den permanenten Aspekt des Ich.<\/p>\n\n\n\n<p class=\"wp-block-paragraph\">Das Ich, das nicht geboren wird, nicht stirbt, nicht dem Wandel unterliegt&#8230; und das es im westlichen Weltverst\u00e4ndnis gar nicht gibt. <\/p>\n\n\n\n<p class=\"wp-block-paragraph\">&#8222;Ich&#8220; ist im westlichen Weltverst\u00e4ndnis immer &#8222;Kleidung&#8220;, &#8222;Gestalt&#8220;&#8230;<\/p>\n\n\n\n<p class=\"wp-block-paragraph\">Aber worauf fu\u00dft dieses ganz nat\u00fcrliche und selbstverst\u00e4ndliche &#8222;Ich&#8220;, das jedem vertraut ist: &#8222;Ich&#8220;?<\/p>\n\n\n\n<p class=\"wp-block-paragraph\">Der Vorteil dieser Selbstfindung ist der, dass ich in ihr in mein Herz sinke und zentriert im Hintergrund der Ereignisse in mir &#8222;ruhe&#8220;.<\/p>\n\n\n\n<p class=\"wp-block-paragraph\">So lange ich mich selbst (Ich) nur als die sich ver\u00e4ndernde Gestalt identifiziere, h\u00e4ngt alles was ich bin vom Ereignis ab. Alles, was ich bin, ist in permanenter &#8222;Gefahr&#8220;.<\/p>\n\n\n\n<p class=\"wp-block-paragraph\">Und erkenne ich selbst das Herz, bin ich in diesem Aspekt des Ich zu jedem Zeitpunkt jedes Geschehens, egal wie es aussehen mag, vollst\u00e4ndig ich &#8211; und damit vollst\u00e4ndig ich selbst.<\/p>\n\n\n\n<p class=\"wp-block-paragraph\">Der &#8222;Segen&#8220; der Selbsterkenntnis liegt darin, mit einem Fu\u00dfe (sinnbildlich) &#8222;jenseits&#8220; (was keine au\u00dferhalb ist) der Ereignisse zu stehen. <\/p>\n\n\n\n<p class=\"wp-block-paragraph\">Das hat in R\u00fcckwirkung auf die Pers\u00f6nlichkeit klare Vorteile, die sich nach und nach als &#8222;Vertiefungen&#8220; erschlie\u00dfen.<\/p>\n\n\n\n<p class=\"wp-block-paragraph\">Um zur eigentlichen &#8222;\u00dcbung&#8220; zu kommen, kreise ich erst einmal wie der Falke in meinem Garten \u00fcber dem Thema&#8230; und wie lange, wei\u00df ich nicht, denn erst, habe ich die Beute zielsicher im Auge&#8230; ja, was? Das Nichts.<\/p>\n\n\n\n<p class=\"wp-block-paragraph\">Das Nichts ist ein Segen, gerade in dieser Zeit.<\/p>\n\n\n\n<p class=\"wp-block-paragraph\"><\/p>\n<div class=\"clearfix\"><span class='ldc-ul_cont' onclick=\"alter_ul_post_values(this,'4286','like')\" >gef\u00e4llt mir<img decoding=\"async\" src=\"http:\/\/ewig.es\/wordpress\/wp-content\/plugins\/like-dislike-counter-for-posts-pages-and-comments\/images\/up.png\" \/>(<span>2<\/span>)<\/span><span class='ldc-ul_cont' onclick=\"alter_ul_post_values(this,'4286','dislike')\" ><img decoding=\"async\" src=\"http:\/\/ewig.es\/wordpress\/wp-content\/plugins\/like-dislike-counter-for-posts-pages-and-comments\/images\/down.png\" \/>(<span>0<\/span>)<\/span><\/div>","protected":false},"excerpt":{"rendered":"<p>Eigentlich, so k\u00fcndigte ich an, wollte ich \u00fcber Atman Vichara schreiben. Und schreibe dann \u00fcber dies und jenes, &#8222;Alles und Nichts&#8220;, denn was ist nicht &#8222;Atman Vichara&#8220;? Und doch gibt es eine spirituelle \u00dcbung, die &#8222;Atman Vichara&#8220; genannt wird. Und die aus meiner Erfahrung hilfreich sein kann. Was ist nun &#8222;Atman Vichara&#8220;, ist im Grunde &hellip; <a href=\"http:\/\/ewig.es\/index.php\/2021\/11\/17\/atman-vichara\/\" class=\"more-link\"><span class=\"screen-reader-text\">\u201eAtman Vichara\u201c<\/span> weiterlesen<\/a><\/p>\n","protected":false},"author":1,"featured_media":0,"comment_status":"open","ping_status":"closed","sticky":false,"template":"","format":"standard","meta":{"footnotes":""},"categories":[1],"tags":[],"class_list":["post-4286","post","type-post","status-publish","format-standard","hentry","category-tagebuch"],"_links":{"self":[{"href":"http:\/\/ewig.es\/index.php\/wp-json\/wp\/v2\/posts\/4286","targetHints":{"allow":["GET"]}}],"collection":[{"href":"http:\/\/ewig.es\/index.php\/wp-json\/wp\/v2\/posts"}],"about":[{"href":"http:\/\/ewig.es\/index.php\/wp-json\/wp\/v2\/types\/post"}],"author":[{"embeddable":true,"href":"http:\/\/ewig.es\/index.php\/wp-json\/wp\/v2\/users\/1"}],"replies":[{"embeddable":true,"href":"http:\/\/ewig.es\/index.php\/wp-json\/wp\/v2\/comments?post=4286"}],"version-history":[{"count":2,"href":"http:\/\/ewig.es\/index.php\/wp-json\/wp\/v2\/posts\/4286\/revisions"}],"predecessor-version":[{"id":4296,"href":"http:\/\/ewig.es\/index.php\/wp-json\/wp\/v2\/posts\/4286\/revisions\/4296"}],"wp:attachment":[{"href":"http:\/\/ewig.es\/index.php\/wp-json\/wp\/v2\/media?parent=4286"}],"wp:term":[{"taxonomy":"category","embeddable":true,"href":"http:\/\/ewig.es\/index.php\/wp-json\/wp\/v2\/categories?post=4286"},{"taxonomy":"post_tag","embeddable":true,"href":"http:\/\/ewig.es\/index.php\/wp-json\/wp\/v2\/tags?post=4286"}],"curies":[{"name":"wp","href":"https:\/\/api.w.org\/{rel}","templated":true}]}}