{"id":4316,"date":"2021-11-19T12:29:24","date_gmt":"2021-11-19T11:29:24","guid":{"rendered":"http:\/\/ewig.es\/?p=4316"},"modified":"2021-11-19T12:29:24","modified_gmt":"2021-11-19T11:29:24","slug":"mein-beileid","status":"publish","type":"post","link":"http:\/\/ewig.es\/index.php\/2021\/11\/19\/mein-beileid\/","title":{"rendered":"Mein Beileid"},"content":{"rendered":"\n<p class=\"wp-block-paragraph\">mit den \u00d6sterreichern, sofern hier eine\/r mitliest. Wenn ich daran denke, dass ich letztlich wegen dem Impfgeschwurbel Facebook verlie\u00df, erscheint mir etwas Mitgef\u00fchl angebracht. <\/p>\n\n\n\n<p class=\"wp-block-paragraph\">Hier gehen die Zahlen zwar auch nach oben, aber bisher ist noch &#8222;Ruhe vor dem Sturm&#8220;. Und auf einen neuen Shutdown ich eigentlich keine Lust.<\/p>\n\n\n\n<p class=\"wp-block-paragraph\">Sonne war angek\u00fcndigt, jedoch radelte ich dann im k\u00fchlen Hochnebel nach Bussieres, da ich pl\u00f6tzlich Lust auf Fisch hatte.<\/p>\n\n\n\n<p class=\"wp-block-paragraph\">Die H\u00fchner bekamen am Morgen K\u00f6rner, zu Mittag Reis mit geriebener Karotte. Und alle V\u00f6gel haben sich versteckt&#8230; wohl ist wieder der Falke im Garten.<\/p>\n\n\n\n<p class=\"wp-block-paragraph\"><\/p>\n\n\n\n<p class=\"wp-block-paragraph\"><\/p>\n\n\n\n<p class=\"wp-block-paragraph\"><\/p>\n<div class=\"clearfix\"><span class='ldc-ul_cont' onclick=\"alter_ul_post_values(this,'4316','like')\" >gef\u00e4llt mir<img decoding=\"async\" src=\"http:\/\/ewig.es\/wordpress\/wp-content\/plugins\/like-dislike-counter-for-posts-pages-and-comments\/images\/up.png\" \/>(<span>2<\/span>)<\/span><span class='ldc-ul_cont' onclick=\"alter_ul_post_values(this,'4316','dislike')\" ><img decoding=\"async\" src=\"http:\/\/ewig.es\/wordpress\/wp-content\/plugins\/like-dislike-counter-for-posts-pages-and-comments\/images\/down.png\" \/>(<span>1<\/span>)<\/span><\/div>","protected":false},"excerpt":{"rendered":"<p>mit den \u00d6sterreichern, sofern hier eine\/r mitliest. Wenn ich daran denke, dass ich letztlich wegen dem Impfgeschwurbel Facebook verlie\u00df, erscheint mir etwas Mitgef\u00fchl angebracht. Hier gehen die Zahlen zwar auch nach oben, aber bisher ist noch &#8222;Ruhe vor dem Sturm&#8220;. Und auf einen neuen Shutdown ich eigentlich keine Lust. Sonne war angek\u00fcndigt, jedoch radelte ich &hellip; <a href=\"http:\/\/ewig.es\/index.php\/2021\/11\/19\/mein-beileid\/\" class=\"more-link\"><span class=\"screen-reader-text\">\u201eMein Beileid\u201c<\/span> weiterlesen<\/a><\/p>\n","protected":false},"author":1,"featured_media":0,"comment_status":"open","ping_status":"closed","sticky":false,"template":"","format":"standard","meta":{"footnotes":""},"categories":[1],"tags":[],"class_list":["post-4316","post","type-post","status-publish","format-standard","hentry","category-tagebuch"],"_links":{"self":[{"href":"http:\/\/ewig.es\/index.php\/wp-json\/wp\/v2\/posts\/4316","targetHints":{"allow":["GET"]}}],"collection":[{"href":"http:\/\/ewig.es\/index.php\/wp-json\/wp\/v2\/posts"}],"about":[{"href":"http:\/\/ewig.es\/index.php\/wp-json\/wp\/v2\/types\/post"}],"author":[{"embeddable":true,"href":"http:\/\/ewig.es\/index.php\/wp-json\/wp\/v2\/users\/1"}],"replies":[{"embeddable":true,"href":"http:\/\/ewig.es\/index.php\/wp-json\/wp\/v2\/comments?post=4316"}],"version-history":[{"count":1,"href":"http:\/\/ewig.es\/index.php\/wp-json\/wp\/v2\/posts\/4316\/revisions"}],"predecessor-version":[{"id":4317,"href":"http:\/\/ewig.es\/index.php\/wp-json\/wp\/v2\/posts\/4316\/revisions\/4317"}],"wp:attachment":[{"href":"http:\/\/ewig.es\/index.php\/wp-json\/wp\/v2\/media?parent=4316"}],"wp:term":[{"taxonomy":"category","embeddable":true,"href":"http:\/\/ewig.es\/index.php\/wp-json\/wp\/v2\/categories?post=4316"},{"taxonomy":"post_tag","embeddable":true,"href":"http:\/\/ewig.es\/index.php\/wp-json\/wp\/v2\/tags?post=4316"}],"curies":[{"name":"wp","href":"https:\/\/api.w.org\/{rel}","templated":true}]}}