{"id":4319,"date":"2021-11-20T08:17:26","date_gmt":"2021-11-20T07:17:26","guid":{"rendered":"http:\/\/ewig.es\/?p=4319"},"modified":"2021-11-20T08:23:36","modified_gmt":"2021-11-20T07:23:36","slug":"wie-sich","status":"publish","type":"post","link":"http:\/\/ewig.es\/index.php\/2021\/11\/20\/wie-sich\/","title":{"rendered":"Wie sich"},"content":{"rendered":"\n<p class=\"wp-block-paragraph\">der Zustand des Universums (Was war vor dem Universum?) im angenommenen Urknall nicht in das Universum aufgel\u00f6st hat, so l\u00f6st sich &#8222;Ich&#8220; mit der Geburt nicht in eine Pers\u00f6nlichkeit auf.<\/p>\n\n\n\n<p class=\"wp-block-paragraph\">Der Zustand &#8222;vor&#8220; (relativ gesehen) dem Universum wie der Zustand &#8222;vor&#8220; der Pers\u00f6nlichkeit bilden denselben Hintergrund zu allen erscheinenden Ereignissen.<\/p>\n\n\n\n<p class=\"wp-block-paragraph\">In ihm sind &#8222;objektive&#8220; und &#8222;subjektive&#8220; Welt zum &#8222;Herz&#8220; verschmolzen: Nirvikalpa Samadhi.<\/p>\n\n\n\n<p class=\"wp-block-paragraph\">So bildet Nirvikalpa Samadhi den Hintergrund zur Raumzeit, ohne dazu in die Raumzeit aufgehen zu m\u00fcssen.<\/p>\n\n\n\n<p class=\"wp-block-paragraph\">So bildet Nirvikalpa Samadhi den Hintergrund zu &#8222;objektiver&#8220; und &#8222;subjektiver&#8220; Welt, ohne dazu in ihnen aufgehen zu m\u00fcssen, also in seiner Essenz zu Objekt oder Subjekt werden zu m\u00fcssen.<\/p>\n\n\n\n<p class=\"wp-block-paragraph\">So steht Ich im Wesen hinter der Raumzeit und blickt in die Raumzeit.<\/p>\n\n\n\n<p class=\"wp-block-paragraph\">Der nat\u00fcrliche Zustand des Ich ist sein transzendentes Hier-Sein, in dem es Subjekt und Objekt \u00fcbersteigt und Ursache des Universums wie das Universum selbst ist.<\/p>\n\n\n\n<p class=\"wp-block-paragraph\">Im Wesen bin ich so weder Subjekt noch Objekt im relativen Sinne, sondern: &#8222;Nirvikalpa Samadhi&#8220; oder &#8222;Nirvana&#8220;&#8230; ohne ein relativer Inhalt zu sein, aber auch ohne einem relativen Inhalt zu widersprechen.<\/p>\n\n\n\n<p class=\"wp-block-paragraph\"><\/p>\n<div class=\"clearfix\"><span class='ldc-ul_cont' onclick=\"alter_ul_post_values(this,'4319','like')\" >gef\u00e4llt mir<img decoding=\"async\" src=\"http:\/\/ewig.es\/wordpress\/wp-content\/plugins\/like-dislike-counter-for-posts-pages-and-comments\/images\/up.png\" \/>(<span>2<\/span>)<\/span><span class='ldc-ul_cont' onclick=\"alter_ul_post_values(this,'4319','dislike')\" ><img decoding=\"async\" src=\"http:\/\/ewig.es\/wordpress\/wp-content\/plugins\/like-dislike-counter-for-posts-pages-and-comments\/images\/down.png\" \/>(<span>0<\/span>)<\/span><\/div>","protected":false},"excerpt":{"rendered":"<p>der Zustand des Universums (Was war vor dem Universum?) im angenommenen Urknall nicht in das Universum aufgel\u00f6st hat, so l\u00f6st sich &#8222;Ich&#8220; mit der Geburt nicht in eine Pers\u00f6nlichkeit auf. Der Zustand &#8222;vor&#8220; (relativ gesehen) dem Universum wie der Zustand &#8222;vor&#8220; der Pers\u00f6nlichkeit bilden denselben Hintergrund zu allen erscheinenden Ereignissen. In ihm sind &#8222;objektive&#8220; und &hellip; <a href=\"http:\/\/ewig.es\/index.php\/2021\/11\/20\/wie-sich\/\" class=\"more-link\"><span class=\"screen-reader-text\">\u201eWie sich\u201c<\/span> weiterlesen<\/a><\/p>\n","protected":false},"author":1,"featured_media":0,"comment_status":"open","ping_status":"closed","sticky":false,"template":"","format":"standard","meta":{"footnotes":""},"categories":[1],"tags":[],"class_list":["post-4319","post","type-post","status-publish","format-standard","hentry","category-tagebuch"],"_links":{"self":[{"href":"http:\/\/ewig.es\/index.php\/wp-json\/wp\/v2\/posts\/4319","targetHints":{"allow":["GET"]}}],"collection":[{"href":"http:\/\/ewig.es\/index.php\/wp-json\/wp\/v2\/posts"}],"about":[{"href":"http:\/\/ewig.es\/index.php\/wp-json\/wp\/v2\/types\/post"}],"author":[{"embeddable":true,"href":"http:\/\/ewig.es\/index.php\/wp-json\/wp\/v2\/users\/1"}],"replies":[{"embeddable":true,"href":"http:\/\/ewig.es\/index.php\/wp-json\/wp\/v2\/comments?post=4319"}],"version-history":[{"count":4,"href":"http:\/\/ewig.es\/index.php\/wp-json\/wp\/v2\/posts\/4319\/revisions"}],"predecessor-version":[{"id":4324,"href":"http:\/\/ewig.es\/index.php\/wp-json\/wp\/v2\/posts\/4319\/revisions\/4324"}],"wp:attachment":[{"href":"http:\/\/ewig.es\/index.php\/wp-json\/wp\/v2\/media?parent=4319"}],"wp:term":[{"taxonomy":"category","embeddable":true,"href":"http:\/\/ewig.es\/index.php\/wp-json\/wp\/v2\/categories?post=4319"},{"taxonomy":"post_tag","embeddable":true,"href":"http:\/\/ewig.es\/index.php\/wp-json\/wp\/v2\/tags?post=4319"}],"curies":[{"name":"wp","href":"https:\/\/api.w.org\/{rel}","templated":true}]}}