{"id":4329,"date":"2021-11-20T19:48:08","date_gmt":"2021-11-20T18:48:08","guid":{"rendered":"http:\/\/ewig.es\/?p=4329"},"modified":"2021-11-20T19:55:11","modified_gmt":"2021-11-20T18:55:11","slug":"wenn-ich-davon-spreche","status":"publish","type":"post","link":"http:\/\/ewig.es\/index.php\/2021\/11\/20\/wenn-ich-davon-spreche\/","title":{"rendered":"Wenn ich davon spreche,"},"content":{"rendered":"\n<p class=\"wp-block-paragraph\">dass das Universum &#8222;virtuell&#8220; ist, muss ich immer ber\u00fccksichtigen, dass unser Verst\u00e4ndnis \u00fcber Virtualit\u00e4t sehr begrenzt ist. Dieser Begriff (&#8222;virtuell&#8220;) stellt  nicht die Existenz des Universums in Frage, also verneint seine Existenz, sondern behauptet, dass es von etwas getragen ist, was nicht zu diesem wahrnehmbaren  Universum geworden ist, obwohl es dieses Universum hervorbringt und tr\u00e4gt.<\/p>\n\n\n\n<p class=\"wp-block-paragraph\">Und was das ist, auf Qualit\u00e4ten hin gesehen, wei\u00df ich nicht, da es in gewisser Weise wie &#8222;au\u00dferhalb&#8220; unserer wahrnehmbaren Dimensionalit\u00e4t (Raumzeit) steht, aber nicht weit weg (zeitlich oder r\u00e4umlich), sondern direkt und unmittelbar tragend (hier).<\/p>\n\n\n\n<p class=\"wp-block-paragraph\">Das Problem des Verst\u00e4ndnisses in dieser Frage ist einfach. Es ist ein Instrument in der Raumzeit und kann nicht direkt \u00fcber die Raumzeit hinausblicken. Es ist ein &#8222;Auge&#8220; in die Raumzeit. <\/p>\n\n\n\n<p class=\"wp-block-paragraph\">Daher erscheint f\u00fcr das Verst\u00e4ndnis alles, was \u00fcber die Raumzeit hinausgeht, als &#8222;Leere&#8220;: &#8222;leere Pr\u00e4senz&#8220;: seiend, aber nicht als Inhalte (relative Ausdehnung) wahrnehmbar.<\/p>\n\n\n\n<p class=\"wp-block-paragraph\">Und ob das nun h\u00f6here Dimensionalit\u00e4t (noch mehr Dimensionen) oder gar keine Dimensionalit\u00e4t ist, bleibt reine Spekulation. Und das eine schlie\u00dft das andere auch nicht aus.<\/p>\n\n\n\n<p class=\"wp-block-paragraph\">Was also das Selbst (unabh\u00e4ngig der erscheinenden Welt) ist, von dem Ramana und andere sprechen, k\u00f6nnen wir derzeit gar nicht sagen. Ich kann sagen, dass es existiert, aber damit ist auch schon so ziemlich das Ende der derzeitigen Fahnenstange erreicht. <\/p>\n\n\n\n<p class=\"wp-block-paragraph\">Dieses Erkenntnis des &#8222;H\u00f6heren&#8220; hat aber pers\u00f6nlich eine beruhigende Wirkung, die ich pers\u00f6nlich so oder so interpretieren mag, als Mann mit Bart, Leinwand der Welt, &#8222;h\u00f6here Macht&#8220;&#8230; es bleibt ein pers\u00f6nliches Vergn\u00fcgen ohne wirklich brauchbare Aussagekraft.<\/p>\n\n\n\n<p class=\"wp-block-paragraph\">Dazu wird vielleicht, was wei\u00df ich, eine Physik der Zukunft etwas greifbareres formulieren k\u00f6nnen, was aber jetzt kein Mangel ist, denn ich bin pers\u00f6nlich durch diese &#8222;h\u00f6here Instanz&#8220; getragen, egal wie verwirrend das Ereignis derzeit f\u00fcr das Verst\u00e4ndnis aussehen mag.<\/p>\n\n\n\n<p class=\"wp-block-paragraph\">Und das ist der ganz praktische pers\u00f6nliche &#8222;Nutzen&#8220;, den die Selbsterkenntnis birgt. Und wo ich mich im Thema an &#8222;Wahrheit&#8220; versuche, muss ich immer aufpassen, nicht zu viel G\u00fclle \u00fcber ein unverstandenes Thema zu sch\u00fctten &#8211; und das v\u00f6llig \u00fcberfl\u00fcssig.<\/p>\n\n\n\n<p class=\"wp-block-paragraph\">So ist &#8222;Nirvikalpa Samadhi&#8220; ein Begriff f\u00fcr eine physikalische Ebene, auf der Subjekt und Objekt f\u00fcr uns heute unerkl\u00e4rlich eins sind, ohne die Relativit\u00e4t in Frage zu stellen, noch dass wir derzeit etwas wirklich vern\u00fcnftiges im Thema zu sagen h\u00e4tten, was mehr als \u00fcberfl\u00fcssige Spekulation w\u00e4re.<\/p>\n\n\n\n<p class=\"wp-block-paragraph\">Ich muss mir diese offene Weite nicht durch die traditionellen spirituellen Deutungen verbauen lassen. Die &#8222;Alten&#8220; standen so hilflos im Thema wie wir heute auch, wenn nicht weit hilfloser (was sehr wahrscheinlich ist).<\/p>\n\n\n\n<p class=\"wp-block-paragraph\">&#8222;Offene Weite, nichts von heilig&#8220; ist ein guter alter Zen-Spruch im Thema.<\/p>\n\n\n\n<p class=\"wp-block-paragraph\">Verhagelter Kleingeist mit Q-Mist-Deutungen aller Art die derzeit dominante spirituelle Realit\u00e4t. <\/p>\n\n\n\n<p class=\"wp-block-paragraph\">Haltet euch aus diesem mentalen Spiri-G\u00fcllegraben am besten fern und schaut selbst nach: &#8222;Was ist Ich?&#8220; Und es ist hier, immer hier.<\/p>\n\n\n\n<p class=\"wp-block-paragraph\"> <\/p>\n<div class=\"clearfix\"><span class='ldc-ul_cont' onclick=\"alter_ul_post_values(this,'4329','like')\" >gef\u00e4llt mir<img decoding=\"async\" src=\"http:\/\/ewig.es\/wordpress\/wp-content\/plugins\/like-dislike-counter-for-posts-pages-and-comments\/images\/up.png\" \/>(<span>3<\/span>)<\/span><span class='ldc-ul_cont' onclick=\"alter_ul_post_values(this,'4329','dislike')\" ><img decoding=\"async\" src=\"http:\/\/ewig.es\/wordpress\/wp-content\/plugins\/like-dislike-counter-for-posts-pages-and-comments\/images\/down.png\" \/>(<span>0<\/span>)<\/span><\/div>","protected":false},"excerpt":{"rendered":"<p>dass das Universum &#8222;virtuell&#8220; ist, muss ich immer ber\u00fccksichtigen, dass unser Verst\u00e4ndnis \u00fcber Virtualit\u00e4t sehr begrenzt ist. Dieser Begriff (&#8222;virtuell&#8220;) stellt nicht die Existenz des Universums in Frage, also verneint seine Existenz, sondern behauptet, dass es von etwas getragen ist, was nicht zu diesem wahrnehmbaren Universum geworden ist, obwohl es dieses Universum hervorbringt und tr\u00e4gt. &hellip; <a href=\"http:\/\/ewig.es\/index.php\/2021\/11\/20\/wenn-ich-davon-spreche\/\" class=\"more-link\"><span class=\"screen-reader-text\">\u201eWenn ich davon spreche,\u201c<\/span> weiterlesen<\/a><\/p>\n","protected":false},"author":1,"featured_media":0,"comment_status":"open","ping_status":"closed","sticky":false,"template":"","format":"standard","meta":{"footnotes":""},"categories":[1],"tags":[],"class_list":["post-4329","post","type-post","status-publish","format-standard","hentry","category-tagebuch"],"_links":{"self":[{"href":"http:\/\/ewig.es\/index.php\/wp-json\/wp\/v2\/posts\/4329","targetHints":{"allow":["GET"]}}],"collection":[{"href":"http:\/\/ewig.es\/index.php\/wp-json\/wp\/v2\/posts"}],"about":[{"href":"http:\/\/ewig.es\/index.php\/wp-json\/wp\/v2\/types\/post"}],"author":[{"embeddable":true,"href":"http:\/\/ewig.es\/index.php\/wp-json\/wp\/v2\/users\/1"}],"replies":[{"embeddable":true,"href":"http:\/\/ewig.es\/index.php\/wp-json\/wp\/v2\/comments?post=4329"}],"version-history":[{"count":2,"href":"http:\/\/ewig.es\/index.php\/wp-json\/wp\/v2\/posts\/4329\/revisions"}],"predecessor-version":[{"id":4331,"href":"http:\/\/ewig.es\/index.php\/wp-json\/wp\/v2\/posts\/4329\/revisions\/4331"}],"wp:attachment":[{"href":"http:\/\/ewig.es\/index.php\/wp-json\/wp\/v2\/media?parent=4329"}],"wp:term":[{"taxonomy":"category","embeddable":true,"href":"http:\/\/ewig.es\/index.php\/wp-json\/wp\/v2\/categories?post=4329"},{"taxonomy":"post_tag","embeddable":true,"href":"http:\/\/ewig.es\/index.php\/wp-json\/wp\/v2\/tags?post=4329"}],"curies":[{"name":"wp","href":"https:\/\/api.w.org\/{rel}","templated":true}]}}