{"id":4332,"date":"2021-11-20T21:32:17","date_gmt":"2021-11-20T20:32:17","guid":{"rendered":"http:\/\/ewig.es\/?p=4332"},"modified":"2021-11-21T02:45:29","modified_gmt":"2021-11-21T01:45:29","slug":"ich-kann-also-guten-gewissens","status":"publish","type":"post","link":"http:\/\/ewig.es\/index.php\/2021\/11\/20\/ich-kann-also-guten-gewissens\/","title":{"rendered":"Ich kann also guten Gewissens"},"content":{"rendered":"\n<p class=\"wp-block-paragraph\">nur sagen, dass das Selbst existiert und gr\u00f6\u00dfer als das erscheinende Ereignis ist. Und es steht auch zu nichts in Widerspruch was geschieht. Nur ist die Deppen-Spiritualit\u00e4t in der Frage, was nun das Selbst sei, nicht zielf\u00fchrend.<\/p>\n\n\n\n<p class=\"wp-block-paragraph\">Wir wissen schon nicht, was die Materie ist. Und wo die Naturwissenschaft gute Arbeit leistet, so tempor\u00e4r immer der Stand des Wissens ist, so tritt ihr die Deppen-Spiritualit\u00e4t oft v\u00f6llig kontraproduktiv (in der Frage nach dem Selbst) in die Beine. Und zu was f\u00fcr einer Deppen-Veranstaltung dabei die angebliche Spiritualit\u00e4t wird, k\u00f6nnen wir im Rahmen dieser Pandemie beobachten.<\/p>\n\n\n\n<p class=\"wp-block-paragraph\">Lauter Erkenntnis-Deppen mit einer gro\u00dfen Guru-Klappe und viel M\u00fcll dahinter. Und ja, ich sage es so, wie es hier erscheint. Es ist zum Kotzen.<\/p>\n\n\n\n<p class=\"wp-block-paragraph\">Da waren viele der Alten, und das in viel schlechteren Wissensumst\u00e4nden, wesentlich besser.<\/p>\n\n\n\n<p class=\"wp-block-paragraph\">So bleibt dir, sofern dich das Thema &#8222;Atman Vichara&#8220; interessiert, nur selbst zu schauen und einfach einmal auf die ganzen Herzchen zu verzichten.<\/p>\n\n\n\n<p class=\"wp-block-paragraph\">Nat\u00fcrlich kann Nichtwissen und Weite irritierend sein, Angst machen, aber die Geborgenheit am Rockzipfel eines R\u00f6ckchen-Gurus ist letztlich nur Illusion, mit der du dir deine eigene Erkenntniskraft vernebelst, da du zwanghaft (aus emotionalen Bed\u00fcrfnissen) an irgend einen Mist glaubst.<\/p>\n\n\n\n<p class=\"wp-block-paragraph\">Keine dieser Q-uasselbuden kann dir in ihren Aussagen die Geborgenheit geben, nach der du dich sehnst. Glaube ist ein Placebo, das nur bei Deppen wirkt.<\/p>\n\n\n\n<p class=\"wp-block-paragraph\">Lass dich irritiert sein, Angst, was auch immer, in der Frage alleine zu stehen&#8230; nur der Mutige, nur die oder der, der es wagt, \u00fcber diesen Unfug hinaus zu blicken, wird auch wirklich f\u00fcndig.<\/p>\n\n\n\n<p class=\"wp-block-paragraph\">Der Rest bleibt Sklave von Bauernf\u00e4ngern, die meist der spirituelle Tiefgang einer Schlammpf\u00fctze auszeichnet.<\/p>\n\n\n\n<p class=\"wp-block-paragraph\">Du bist derzeit &#8211; so sieht es aus &#8211; im Thema weitgehend alleine. Und wer das nicht tragen will, den Weg nicht gehen will, dem bleibt noch der Glaube an irgendeinen Mist&#8230; aber er wird dich nicht heilen, nicht die Geborgenheit in der offenen Weite geben, nach der du dich sehnst.<\/p>\n\n\n\n<p class=\"wp-block-paragraph\">Das kann nur die Weite, daher schwieg Ramana. Denn was im Thema gesagt werden kann, ist letztlich nur Schei\u00dfe, relativ zum Selbst gesehen.<\/p>\n\n\n\n<p class=\"wp-block-paragraph\">Und immer noch kreist der Falke&#8230;<\/p>\n<div class=\"clearfix\"><span class='ldc-ul_cont' onclick=\"alter_ul_post_values(this,'4332','like')\" >gef\u00e4llt mir<img decoding=\"async\" src=\"http:\/\/ewig.es\/wordpress\/wp-content\/plugins\/like-dislike-counter-for-posts-pages-and-comments\/images\/up.png\" \/>(<span>3<\/span>)<\/span><span class='ldc-ul_cont' onclick=\"alter_ul_post_values(this,'4332','dislike')\" ><img decoding=\"async\" src=\"http:\/\/ewig.es\/wordpress\/wp-content\/plugins\/like-dislike-counter-for-posts-pages-and-comments\/images\/down.png\" \/>(<span>0<\/span>)<\/span><\/div>","protected":false},"excerpt":{"rendered":"<p>nur sagen, dass das Selbst existiert und gr\u00f6\u00dfer als das erscheinende Ereignis ist. Und es steht auch zu nichts in Widerspruch was geschieht. Nur ist die Deppen-Spiritualit\u00e4t in der Frage, was nun das Selbst sei, nicht zielf\u00fchrend. Wir wissen schon nicht, was die Materie ist. Und wo die Naturwissenschaft gute Arbeit leistet, so tempor\u00e4r immer &hellip; <a href=\"http:\/\/ewig.es\/index.php\/2021\/11\/20\/ich-kann-also-guten-gewissens\/\" class=\"more-link\"><span class=\"screen-reader-text\">\u201eIch kann also guten Gewissens\u201c<\/span> weiterlesen<\/a><\/p>\n","protected":false},"author":1,"featured_media":0,"comment_status":"open","ping_status":"closed","sticky":false,"template":"","format":"standard","meta":{"footnotes":""},"categories":[1],"tags":[],"class_list":["post-4332","post","type-post","status-publish","format-standard","hentry","category-tagebuch"],"_links":{"self":[{"href":"http:\/\/ewig.es\/index.php\/wp-json\/wp\/v2\/posts\/4332","targetHints":{"allow":["GET"]}}],"collection":[{"href":"http:\/\/ewig.es\/index.php\/wp-json\/wp\/v2\/posts"}],"about":[{"href":"http:\/\/ewig.es\/index.php\/wp-json\/wp\/v2\/types\/post"}],"author":[{"embeddable":true,"href":"http:\/\/ewig.es\/index.php\/wp-json\/wp\/v2\/users\/1"}],"replies":[{"embeddable":true,"href":"http:\/\/ewig.es\/index.php\/wp-json\/wp\/v2\/comments?post=4332"}],"version-history":[{"count":4,"href":"http:\/\/ewig.es\/index.php\/wp-json\/wp\/v2\/posts\/4332\/revisions"}],"predecessor-version":[{"id":4343,"href":"http:\/\/ewig.es\/index.php\/wp-json\/wp\/v2\/posts\/4332\/revisions\/4343"}],"wp:attachment":[{"href":"http:\/\/ewig.es\/index.php\/wp-json\/wp\/v2\/media?parent=4332"}],"wp:term":[{"taxonomy":"category","embeddable":true,"href":"http:\/\/ewig.es\/index.php\/wp-json\/wp\/v2\/categories?post=4332"},{"taxonomy":"post_tag","embeddable":true,"href":"http:\/\/ewig.es\/index.php\/wp-json\/wp\/v2\/tags?post=4332"}],"curies":[{"name":"wp","href":"https:\/\/api.w.org\/{rel}","templated":true}]}}