{"id":4345,"date":"2021-11-21T09:32:22","date_gmt":"2021-11-21T08:32:22","guid":{"rendered":"http:\/\/ewig.es\/?p=4345"},"modified":"2021-11-21T09:44:27","modified_gmt":"2021-11-21T08:44:27","slug":"so-leer-und-unauffaellig","status":"publish","type":"post","link":"http:\/\/ewig.es\/index.php\/2021\/11\/21\/so-leer-und-unauffaellig\/","title":{"rendered":"So &#8222;leer&#8220; und &#8222;unauff\u00e4llig&#8220;"},"content":{"rendered":"\n<p class=\"wp-block-paragraph\">diese letzte &#8222;mystische Begegnung&#8220; (siebte Erleuchtung)  im Nachhinein oft erscheint, desto erstaunlicher empfinde ich pers\u00f6nlich ihre Energie, die sich immer wieder als &#8222;Wellen im Erleben&#8220; artikuliert. <\/p>\n\n\n\n<p class=\"wp-block-paragraph\">Auch gestern, als ich die letzten Beitr\u00e4ge schrieb, geschah das in einer dieser Wellen, die sich berauschend angenehm anf\u00fchlte.<\/p>\n\n\n\n<p class=\"wp-block-paragraph\">Und immer wieder denke ich, nun ist es vorbei, das war es, und nach einer Pause wieder eine Welle. K\u00f6rperlich f\u00fchlt sich das nun sehr gut an. Erst f\u00fchlte ich mich wie eine lebende Leiche, und die letzten Tage nun so fit wie seit vielen Jahren nicht mehr, ohne dass dies eine Prognose f\u00fcr die Zukunft w\u00e4re.<\/p>\n\n\n\n<p class=\"wp-block-paragraph\">Im Traum bekam ich wieder einen Hinweis, dass ich wohl oft vom Irrtum ausgehe, dass es den Menschen immer um eine sachliche Diskussion ginge, aber diese vielfach nur vorgeschoben ist, eine Art Kulisse, eine Scheindiskussion, auf die ich Depp dann eingehe&#8230; ich solle die Sache mal &#8222;anders&#8220; angehen, weniger auf die Kulisse achten. Diese sei oft nur vorgeschoben, weswegen diese Diskussionen dann auch sprichw\u00f6rtlich f\u00fcr die Katz w\u00e4ren.<\/p>\n\n\n\n<p class=\"wp-block-paragraph\">Das hatte mich \u00fcberrascht, ja, mir meine eigene Naivit\u00e4t im Umgang damit gezeigt, jedoch bot mir der Traum keine L\u00f6sung daf\u00fcr an&#8230; nur diesen Hinweis.<\/p>\n\n\n\n<p class=\"wp-block-paragraph\">Da es derzeit sehr viel um den Aspekt der Energie geht, liegt die L\u00f6sung wohl, mein vorl\u00e4ufiger Eindruck, in der energetischen Ebene unterhalb der erscheinenden Diskussion, was das Thema &#8222;die Sprache des Schweigens&#8220; ber\u00fchrt.<\/p>\n<div class=\"clearfix\"><span class='ldc-ul_cont' onclick=\"alter_ul_post_values(this,'4345','like')\" >gef\u00e4llt mir<img decoding=\"async\" src=\"http:\/\/ewig.es\/wordpress\/wp-content\/plugins\/like-dislike-counter-for-posts-pages-and-comments\/images\/up.png\" \/>(<span>2<\/span>)<\/span><span class='ldc-ul_cont' onclick=\"alter_ul_post_values(this,'4345','dislike')\" ><img decoding=\"async\" src=\"http:\/\/ewig.es\/wordpress\/wp-content\/plugins\/like-dislike-counter-for-posts-pages-and-comments\/images\/down.png\" \/>(<span>0<\/span>)<\/span><\/div>","protected":false},"excerpt":{"rendered":"<p>diese letzte &#8222;mystische Begegnung&#8220; (siebte Erleuchtung) im Nachhinein oft erscheint, desto erstaunlicher empfinde ich pers\u00f6nlich ihre Energie, die sich immer wieder als &#8222;Wellen im Erleben&#8220; artikuliert. Auch gestern, als ich die letzten Beitr\u00e4ge schrieb, geschah das in einer dieser Wellen, die sich berauschend angenehm anf\u00fchlte. Und immer wieder denke ich, nun ist es vorbei, das &hellip; <a href=\"http:\/\/ewig.es\/index.php\/2021\/11\/21\/so-leer-und-unauffaellig\/\" class=\"more-link\"><span class=\"screen-reader-text\">\u201eSo &#8222;leer&#8220; und &#8222;unauff\u00e4llig&#8220;\u201c<\/span> weiterlesen<\/a><\/p>\n","protected":false},"author":1,"featured_media":0,"comment_status":"open","ping_status":"closed","sticky":false,"template":"","format":"standard","meta":{"footnotes":""},"categories":[1],"tags":[],"class_list":["post-4345","post","type-post","status-publish","format-standard","hentry","category-tagebuch"],"_links":{"self":[{"href":"http:\/\/ewig.es\/index.php\/wp-json\/wp\/v2\/posts\/4345","targetHints":{"allow":["GET"]}}],"collection":[{"href":"http:\/\/ewig.es\/index.php\/wp-json\/wp\/v2\/posts"}],"about":[{"href":"http:\/\/ewig.es\/index.php\/wp-json\/wp\/v2\/types\/post"}],"author":[{"embeddable":true,"href":"http:\/\/ewig.es\/index.php\/wp-json\/wp\/v2\/users\/1"}],"replies":[{"embeddable":true,"href":"http:\/\/ewig.es\/index.php\/wp-json\/wp\/v2\/comments?post=4345"}],"version-history":[{"count":8,"href":"http:\/\/ewig.es\/index.php\/wp-json\/wp\/v2\/posts\/4345\/revisions"}],"predecessor-version":[{"id":4355,"href":"http:\/\/ewig.es\/index.php\/wp-json\/wp\/v2\/posts\/4345\/revisions\/4355"}],"wp:attachment":[{"href":"http:\/\/ewig.es\/index.php\/wp-json\/wp\/v2\/media?parent=4345"}],"wp:term":[{"taxonomy":"category","embeddable":true,"href":"http:\/\/ewig.es\/index.php\/wp-json\/wp\/v2\/categories?post=4345"},{"taxonomy":"post_tag","embeddable":true,"href":"http:\/\/ewig.es\/index.php\/wp-json\/wp\/v2\/tags?post=4345"}],"curies":[{"name":"wp","href":"https:\/\/api.w.org\/{rel}","templated":true}]}}