{"id":4360,"date":"2021-11-21T16:17:36","date_gmt":"2021-11-21T15:17:36","guid":{"rendered":"http:\/\/ewig.es\/?p=4360"},"modified":"2021-11-21T16:26:03","modified_gmt":"2021-11-21T15:26:03","slug":"was-viele-in-der-derzeitigen-corona-diskussion","status":"publish","type":"post","link":"http:\/\/ewig.es\/index.php\/2021\/11\/21\/was-viele-in-der-derzeitigen-corona-diskussion\/","title":{"rendered":"Was viele in der derzeitigen Corona-Diskussion"},"content":{"rendered":"\n<p class=\"wp-block-paragraph\">etwas untersch\u00e4tzen, zugegeben mein subjektiver Eindruck, dass wir bereits eine echte soziale Spaltung haben, auf die viele Jahre hin gearbeitet wurde.<\/p>\n\n\n\n<p class=\"wp-block-paragraph\">Im Grunde war das ein Prozess, der um die Jahrtausendwende sichtbar begann, 2014 mit der Ukraine-Krise an Fahrt aufnahm, sich mit der Fl\u00fcchtlingskrise weiter beschleunigte, von Trump weiter befeuert wurde und in der Corona-Pandemie neue Munition fand. Thema: &#8222;die neue Rechte&#8220;.<\/p>\n\n\n\n<p class=\"wp-block-paragraph\">Auch der Brexit ist eine Begleiterscheinung dieser politischen Str\u00f6mung, die in Aktion und Reaktion vor niemanden Halt macht. Und sie ist thematisch sehr vielschichtig und flexibel, und im Grunde, so sehe ich das derzeit, nicht zu heilen. Die Illusion habe ich inzwischen &#8211; was an meiner pers\u00f6nlichen Unf\u00e4higkeit liegen mag &#8211; aufgegeben.<\/p>\n\n\n\n<p class=\"wp-block-paragraph\">Und wenn ich dann in manchen Beitr\u00e4gen etwas h\u00e4rter formuliere, um einerseits meine Distanzierung zu dieser Bewegung (die sehr vielschichtige ist) zu betonen, aber auch, um etwas Dampf abzulassen. Es ist nicht so, dass ich \u00fcber die Dinge erhaben bin und mich diese perfide &#8222;Bauernf\u00e4ngerei&#8220; nicht \u00e4rgern w\u00fcrde.<\/p>\n\n\n\n<p class=\"wp-block-paragraph\">Viele der Anh\u00e4nger dieser Bewegung (Bewegungen) leben inzwischen in einer mentalen Parallelwelt, die nicht mehr zug\u00e4nglich ist. <\/p>\n\n\n\n<p class=\"wp-block-paragraph\">Und gerade weil das Thema Spiritualit\u00e4t in vielen Bereichen gerne die Hure f\u00fcr &#8222;die neue Rechte&#8220; spielt, habe ich das Bed\u00fcrfnis, mich abzugrenzen. <\/p>\n\n\n\n<p class=\"wp-block-paragraph\">Ich halte von diesen Bewegungen nichts, da sie uns sozial in den Abgrund f\u00fchren, egal welche Fragestellung das betrifft, sei es das Soziale, sei es Corona, sei es die Klimaerw\u00e4rmung, sei es der Weltfriede.<\/p>\n\n\n\n<p class=\"wp-block-paragraph\">Ich glaube auch nicht, dass ein Entgegenkommen hilfreich ist. Das einzige was bleibt ist die eigene Position klar zu vertreten.<\/p>\n\n\n\n<p class=\"wp-block-paragraph\">Und wie sich das dann alles sozial ausspielen wird? Das wei\u00df ich nicht. Alle Fragestellungen der Zukunft bieten eher neue Munition, sollte die Pandemie dann vorbei (endemisch) sein. <\/p>\n\n\n\n<p class=\"wp-block-paragraph\">Der Traum letzte Nacht zeigte mir auch, dass diese Diskussionen (ich wundere mich ja oft, an welchen Mist manche glauben) nur die Oberfl\u00e4che einer tiefer gehenden Irritation spiegeln. <\/p>\n\n\n\n<p class=\"wp-block-paragraph\">Und im Grunde br\u00e4uchte das einen echten &#8222;Messias&#8220;&#8230; also nicht einen Putin, Trump, Blocher, Schiffmann, Eckert&#8230; sondern so etwas wie einen &#8222;Buddha&#8220; oder &#8222;Jesus&#8220;, also ein wirklich gro\u00dfes Gesch\u00fctz mit einer spirituellen Potenz, das diese Schnulzens\u00e4nger verstummen l\u00e4sst.<\/p>\n\n\n\n<p class=\"wp-block-paragraph\">Nur, schaue ich auf das politische Personal, woher nehmen, was nicht im Angebot ist? Es ist n\u00e4mlich mit die Frage nach der echten R\u00fcckbindung zum Ereignis (Leben), das diese Irritation hervorruft. Ein R\u00fcckbindung, die die Religionen und Ideologien heute nicht mehr im gefragten Ma\u00dfe leisten k\u00f6nnen.<\/p>\n\n\n\n<p class=\"wp-block-paragraph\">Und da ich darauf keine Antwort wei\u00df, geht das Affentheater am besten ohne mich weiter.<\/p>\n\n\n\n<p class=\"wp-block-paragraph\">Eine L\u00f6sung wei\u00df ich nicht und mitmachen will ich nicht. Aber ich habe auch keine Lust mehr, mich in der Opposition gro\u00df zu engagieren. Vielleicht geschieht ein Wunder, aber daran glaube ich auch nicht. \ud83d\ude42 <\/p>\n<div class=\"clearfix\"><span class='ldc-ul_cont' onclick=\"alter_ul_post_values(this,'4360','like')\" >gef\u00e4llt mir<img decoding=\"async\" src=\"http:\/\/ewig.es\/wordpress\/wp-content\/plugins\/like-dislike-counter-for-posts-pages-and-comments\/images\/up.png\" \/>(<span>7<\/span>)<\/span><span class='ldc-ul_cont' onclick=\"alter_ul_post_values(this,'4360','dislike')\" ><img decoding=\"async\" src=\"http:\/\/ewig.es\/wordpress\/wp-content\/plugins\/like-dislike-counter-for-posts-pages-and-comments\/images\/down.png\" \/>(<span>0<\/span>)<\/span><\/div>","protected":false},"excerpt":{"rendered":"<p>etwas untersch\u00e4tzen, zugegeben mein subjektiver Eindruck, dass wir bereits eine echte soziale Spaltung haben, auf die viele Jahre hin gearbeitet wurde. Im Grunde war das ein Prozess, der um die Jahrtausendwende sichtbar begann, 2014 mit der Ukraine-Krise an Fahrt aufnahm, sich mit der Fl\u00fcchtlingskrise weiter beschleunigte, von Trump weiter befeuert wurde und in der Corona-Pandemie &hellip; <a href=\"http:\/\/ewig.es\/index.php\/2021\/11\/21\/was-viele-in-der-derzeitigen-corona-diskussion\/\" class=\"more-link\"><span class=\"screen-reader-text\">\u201eWas viele in der derzeitigen Corona-Diskussion\u201c<\/span> weiterlesen<\/a><\/p>\n","protected":false},"author":1,"featured_media":0,"comment_status":"open","ping_status":"closed","sticky":false,"template":"","format":"standard","meta":{"footnotes":""},"categories":[1],"tags":[],"class_list":["post-4360","post","type-post","status-publish","format-standard","hentry","category-tagebuch"],"_links":{"self":[{"href":"http:\/\/ewig.es\/index.php\/wp-json\/wp\/v2\/posts\/4360","targetHints":{"allow":["GET"]}}],"collection":[{"href":"http:\/\/ewig.es\/index.php\/wp-json\/wp\/v2\/posts"}],"about":[{"href":"http:\/\/ewig.es\/index.php\/wp-json\/wp\/v2\/types\/post"}],"author":[{"embeddable":true,"href":"http:\/\/ewig.es\/index.php\/wp-json\/wp\/v2\/users\/1"}],"replies":[{"embeddable":true,"href":"http:\/\/ewig.es\/index.php\/wp-json\/wp\/v2\/comments?post=4360"}],"version-history":[{"count":5,"href":"http:\/\/ewig.es\/index.php\/wp-json\/wp\/v2\/posts\/4360\/revisions"}],"predecessor-version":[{"id":4365,"href":"http:\/\/ewig.es\/index.php\/wp-json\/wp\/v2\/posts\/4360\/revisions\/4365"}],"wp:attachment":[{"href":"http:\/\/ewig.es\/index.php\/wp-json\/wp\/v2\/media?parent=4360"}],"wp:term":[{"taxonomy":"category","embeddable":true,"href":"http:\/\/ewig.es\/index.php\/wp-json\/wp\/v2\/categories?post=4360"},{"taxonomy":"post_tag","embeddable":true,"href":"http:\/\/ewig.es\/index.php\/wp-json\/wp\/v2\/tags?post=4360"}],"curies":[{"name":"wp","href":"https:\/\/api.w.org\/{rel}","templated":true}]}}