{"id":4376,"date":"2021-11-23T20:34:57","date_gmt":"2021-11-23T19:34:57","guid":{"rendered":"http:\/\/ewig.es\/?p=4376"},"modified":"2021-11-23T20:34:57","modified_gmt":"2021-11-23T19:34:57","slug":"die-delta-welle","status":"publish","type":"post","link":"http:\/\/ewig.es\/index.php\/2021\/11\/23\/die-delta-welle\/","title":{"rendered":"Die Delta-Welle"},"content":{"rendered":"\n<p class=\"wp-block-paragraph\">wird uns wohl in derselben Weise wie Deutschland treffen. Und welche Impfung nun die bessere ist, kann ich gar nicht sagen. <\/p>\n\n\n\n<p class=\"wp-block-paragraph\">Der meint dies, die meint jenes, heute meinte jemand auf The Guardian, dass wom\u00f6glich die Zahl der Toten in GB trotz der hohen Zahlen relativ (im Vergleich zum Kontinent) niedrig bleibt, da mehr \u00c4ltere mit Astra Zeneca geimpft sind und diese Impfung bei \u00e4lteren Semestern eine robustere T-Zellen-Antwort liefert. Aber alles blanke Spekulation vom Hersteller. Das gibt er auch offen zu. Was genaues wei\u00df man nicht, wom\u00f6glich erst nach der Pandemie.<\/p>\n\n\n\n<p class=\"wp-block-paragraph\">Ich verfolge zwar die Diskussionen, aber ehrlich gesagt raucht mir dann der Kopf und ich schaue lieber dem Vulkan auf Las Palmas zu.<\/p>\n\n\n\n<p class=\"wp-block-paragraph\">Nichtgeimpfte streiten mit Geimpften, Zahlen werden bis zum Erbrechen verbogen. Und ich bin froh, dass ich keine politische Entscheidungen treffen muss, die \u00fcber meinen H\u00fchnerstall hinausgehen. <\/p>\n\n\n\n<p class=\"wp-block-paragraph\">Heute wollte ich die H\u00fchner rauslassen, das sch\u00f6ne Wetter, aber sie weigerten sich, denn oben im Baum sa\u00df der Falke. Selbst die Ratten trauten sich heute kaum aus dem Haus: der Falke. Und die V\u00f6gel machten sich rar: der Falke.<\/p>\n\n\n\n<p class=\"wp-block-paragraph\">Der Falke: die lokale Corona-Krise der Tierwelt in meinem Garten.<\/p>\n\n\n\n<p class=\"wp-block-paragraph\">Und ich bin ganz froh, dass ich nicht noch die Diskussionen auf Facebook lesen muss. Das schont die Nerven. \ud83d\ude42<\/p>\n<div class=\"clearfix\"><span class='ldc-ul_cont' onclick=\"alter_ul_post_values(this,'4376','like')\" >gef\u00e4llt mir<img decoding=\"async\" src=\"http:\/\/ewig.es\/wordpress\/wp-content\/plugins\/like-dislike-counter-for-posts-pages-and-comments\/images\/up.png\" \/>(<span>3<\/span>)<\/span><span class='ldc-ul_cont' onclick=\"alter_ul_post_values(this,'4376','dislike')\" ><img decoding=\"async\" src=\"http:\/\/ewig.es\/wordpress\/wp-content\/plugins\/like-dislike-counter-for-posts-pages-and-comments\/images\/down.png\" \/>(<span>0<\/span>)<\/span><\/div>","protected":false},"excerpt":{"rendered":"<p>wird uns wohl in derselben Weise wie Deutschland treffen. Und welche Impfung nun die bessere ist, kann ich gar nicht sagen. Der meint dies, die meint jenes, heute meinte jemand auf The Guardian, dass wom\u00f6glich die Zahl der Toten in GB trotz der hohen Zahlen relativ (im Vergleich zum Kontinent) niedrig bleibt, da mehr \u00c4ltere &hellip; <a href=\"http:\/\/ewig.es\/index.php\/2021\/11\/23\/die-delta-welle\/\" class=\"more-link\"><span class=\"screen-reader-text\">\u201eDie Delta-Welle\u201c<\/span> weiterlesen<\/a><\/p>\n","protected":false},"author":1,"featured_media":0,"comment_status":"open","ping_status":"closed","sticky":false,"template":"","format":"standard","meta":{"footnotes":""},"categories":[1],"tags":[],"class_list":["post-4376","post","type-post","status-publish","format-standard","hentry","category-tagebuch"],"_links":{"self":[{"href":"http:\/\/ewig.es\/index.php\/wp-json\/wp\/v2\/posts\/4376","targetHints":{"allow":["GET"]}}],"collection":[{"href":"http:\/\/ewig.es\/index.php\/wp-json\/wp\/v2\/posts"}],"about":[{"href":"http:\/\/ewig.es\/index.php\/wp-json\/wp\/v2\/types\/post"}],"author":[{"embeddable":true,"href":"http:\/\/ewig.es\/index.php\/wp-json\/wp\/v2\/users\/1"}],"replies":[{"embeddable":true,"href":"http:\/\/ewig.es\/index.php\/wp-json\/wp\/v2\/comments?post=4376"}],"version-history":[{"count":1,"href":"http:\/\/ewig.es\/index.php\/wp-json\/wp\/v2\/posts\/4376\/revisions"}],"predecessor-version":[{"id":4377,"href":"http:\/\/ewig.es\/index.php\/wp-json\/wp\/v2\/posts\/4376\/revisions\/4377"}],"wp:attachment":[{"href":"http:\/\/ewig.es\/index.php\/wp-json\/wp\/v2\/media?parent=4376"}],"wp:term":[{"taxonomy":"category","embeddable":true,"href":"http:\/\/ewig.es\/index.php\/wp-json\/wp\/v2\/categories?post=4376"},{"taxonomy":"post_tag","embeddable":true,"href":"http:\/\/ewig.es\/index.php\/wp-json\/wp\/v2\/tags?post=4376"}],"curies":[{"name":"wp","href":"https:\/\/api.w.org\/{rel}","templated":true}]}}