{"id":4378,"date":"2021-11-24T10:19:03","date_gmt":"2021-11-24T09:19:03","guid":{"rendered":"http:\/\/ewig.es\/?p=4378"},"modified":"2021-11-24T10:20:49","modified_gmt":"2021-11-24T09:20:49","slug":"es-ist-10-uhr","status":"publish","type":"post","link":"http:\/\/ewig.es\/index.php\/2021\/11\/24\/es-ist-10-uhr\/","title":{"rendered":"Es ist 10 Uhr,"},"content":{"rendered":"\n<p class=\"wp-block-paragraph\">und ich war schon mit dem Rad in Bussieres bei -3\u00b0C Einkaufen.<\/p>\n\n\n\n<p class=\"wp-block-paragraph\">Das fand ich sehr angenehm, zu meinem eigenen Erstaunen. Und es hat mir gro\u00dfen Spa\u00df gemacht, alle Tier am Wegesrand zu gr\u00fc\u00dfen, die dann gleich die Flucht ergriffen: da ist sicher was faul. \ud83d\ude42<\/p>\n\n\n\n<p class=\"wp-block-paragraph\">Damit ist nun der Winterbann gebrochen, denn das ist &#8211; wie die Hitze auch &#8211; ein ganz eigener Genuss. So zwischen -10\u00b0C und +38\u00b0C kann man gut auf dem Rad unterwegs sein, h\u00e4ngt nat\u00fcrlich von der Luftfeuchtigkeit ab. Trockene Luft ist flexibler.<\/p>\n\n\n\n<p class=\"wp-block-paragraph\">Angeblich soll es demn\u00e4chst sogar Schnee geben. Und ich will das Sunn Vertic auf Schnee r\u00fcsten und \u00fcberlege einen Satz Reifen mit Spikes zu kaufen. Dann bin ich f\u00fcr jede Wetterlage ger\u00fcstet.<\/p>\n<div class=\"clearfix\"><span class='ldc-ul_cont' onclick=\"alter_ul_post_values(this,'4378','like')\" >gef\u00e4llt mir<img decoding=\"async\" src=\"http:\/\/ewig.es\/wordpress\/wp-content\/plugins\/like-dislike-counter-for-posts-pages-and-comments\/images\/up.png\" \/>(<span>2<\/span>)<\/span><span class='ldc-ul_cont' onclick=\"alter_ul_post_values(this,'4378','dislike')\" ><img decoding=\"async\" src=\"http:\/\/ewig.es\/wordpress\/wp-content\/plugins\/like-dislike-counter-for-posts-pages-and-comments\/images\/down.png\" \/>(<span>0<\/span>)<\/span><\/div>","protected":false},"excerpt":{"rendered":"<p>und ich war schon mit dem Rad in Bussieres bei -3\u00b0C Einkaufen. Das fand ich sehr angenehm, zu meinem eigenen Erstaunen. Und es hat mir gro\u00dfen Spa\u00df gemacht, alle Tier am Wegesrand zu gr\u00fc\u00dfen, die dann gleich die Flucht ergriffen: da ist sicher was faul. \ud83d\ude42 Damit ist nun der Winterbann gebrochen, denn das ist &hellip; <a href=\"http:\/\/ewig.es\/index.php\/2021\/11\/24\/es-ist-10-uhr\/\" class=\"more-link\"><span class=\"screen-reader-text\">\u201eEs ist 10 Uhr,\u201c<\/span> weiterlesen<\/a><\/p>\n","protected":false},"author":1,"featured_media":0,"comment_status":"open","ping_status":"closed","sticky":false,"template":"","format":"standard","meta":{"footnotes":""},"categories":[1],"tags":[],"class_list":["post-4378","post","type-post","status-publish","format-standard","hentry","category-tagebuch"],"_links":{"self":[{"href":"http:\/\/ewig.es\/index.php\/wp-json\/wp\/v2\/posts\/4378","targetHints":{"allow":["GET"]}}],"collection":[{"href":"http:\/\/ewig.es\/index.php\/wp-json\/wp\/v2\/posts"}],"about":[{"href":"http:\/\/ewig.es\/index.php\/wp-json\/wp\/v2\/types\/post"}],"author":[{"embeddable":true,"href":"http:\/\/ewig.es\/index.php\/wp-json\/wp\/v2\/users\/1"}],"replies":[{"embeddable":true,"href":"http:\/\/ewig.es\/index.php\/wp-json\/wp\/v2\/comments?post=4378"}],"version-history":[{"count":2,"href":"http:\/\/ewig.es\/index.php\/wp-json\/wp\/v2\/posts\/4378\/revisions"}],"predecessor-version":[{"id":4380,"href":"http:\/\/ewig.es\/index.php\/wp-json\/wp\/v2\/posts\/4378\/revisions\/4380"}],"wp:attachment":[{"href":"http:\/\/ewig.es\/index.php\/wp-json\/wp\/v2\/media?parent=4378"}],"wp:term":[{"taxonomy":"category","embeddable":true,"href":"http:\/\/ewig.es\/index.php\/wp-json\/wp\/v2\/categories?post=4378"},{"taxonomy":"post_tag","embeddable":true,"href":"http:\/\/ewig.es\/index.php\/wp-json\/wp\/v2\/tags?post=4378"}],"curies":[{"name":"wp","href":"https:\/\/api.w.org\/{rel}","templated":true}]}}