{"id":4392,"date":"2021-11-25T08:33:53","date_gmt":"2021-11-25T07:33:53","guid":{"rendered":"http:\/\/ewig.es\/?p=4392"},"modified":"2021-11-25T08:36:33","modified_gmt":"2021-11-25T07:36:33","slug":"winter-und-delta","status":"publish","type":"post","link":"http:\/\/ewig.es\/index.php\/2021\/11\/25\/winter-und-delta\/","title":{"rendered":"Winter und Delta"},"content":{"rendered":"\n<p class=\"wp-block-paragraph\">scheint zu einer brisanten Mischung zu werden. Da ich nicht damit rechne, dass es hier in Frankreich viel besser laufen wird, und ich doch recht viel unterwegs bin (Rad), werde ich nun wieder in den Corona-Modus wechseln und vorerst weniger Besuche machen, bis die Entwicklung klarer ist.<\/p>\n\n\n\n<p class=\"wp-block-paragraph\">Zudem ist die Wahrscheinlichkeit gro\u00df, dass sich bei dieser Anzahl von Infektionen wieder eine neue Mutante entwickelt und f\u00fcr weitere Aufregung sorgt.<\/p>\n\n\n\n<p class=\"wp-block-paragraph\">Heute ist der letzte Tag, an dem ich meinen Account auf Facebook reaktivieren k\u00f6nnte, doch fehlt mir immer noch die Lust.<\/p>\n\n\n\n<p class=\"wp-block-paragraph\">Ich denke daher, ich halte es wie Milarepa in seiner H\u00f6hle&#8230; zudem war das Eichh\u00f6rnchen in mir im Herbst so skeptisch, dass ich genug Grundnahrungsmittel f\u00fcr den ganzen Winter habe. Und auch genug Brennholz.<\/p>\n\n\n\n<p class=\"wp-block-paragraph\">Mein pers\u00f6nliches Programm geht somit derzeit Richtung Winter-Retreat. \ud83d\ude42<\/p>\n<div class=\"clearfix\"><span class='ldc-ul_cont' onclick=\"alter_ul_post_values(this,'4392','like')\" >gef\u00e4llt mir<img decoding=\"async\" src=\"http:\/\/ewig.es\/wordpress\/wp-content\/plugins\/like-dislike-counter-for-posts-pages-and-comments\/images\/up.png\" \/>(<span>2<\/span>)<\/span><span class='ldc-ul_cont' onclick=\"alter_ul_post_values(this,'4392','dislike')\" ><img decoding=\"async\" src=\"http:\/\/ewig.es\/wordpress\/wp-content\/plugins\/like-dislike-counter-for-posts-pages-and-comments\/images\/down.png\" \/>(<span>0<\/span>)<\/span><\/div>","protected":false},"excerpt":{"rendered":"<p>scheint zu einer brisanten Mischung zu werden. Da ich nicht damit rechne, dass es hier in Frankreich viel besser laufen wird, und ich doch recht viel unterwegs bin (Rad), werde ich nun wieder in den Corona-Modus wechseln und vorerst weniger Besuche machen, bis die Entwicklung klarer ist. Zudem ist die Wahrscheinlichkeit gro\u00df, dass sich bei &hellip; <a href=\"http:\/\/ewig.es\/index.php\/2021\/11\/25\/winter-und-delta\/\" class=\"more-link\"><span class=\"screen-reader-text\">\u201eWinter und Delta\u201c<\/span> weiterlesen<\/a><\/p>\n","protected":false},"author":1,"featured_media":0,"comment_status":"open","ping_status":"closed","sticky":false,"template":"","format":"standard","meta":{"footnotes":""},"categories":[1],"tags":[],"class_list":["post-4392","post","type-post","status-publish","format-standard","hentry","category-tagebuch"],"_links":{"self":[{"href":"http:\/\/ewig.es\/index.php\/wp-json\/wp\/v2\/posts\/4392","targetHints":{"allow":["GET"]}}],"collection":[{"href":"http:\/\/ewig.es\/index.php\/wp-json\/wp\/v2\/posts"}],"about":[{"href":"http:\/\/ewig.es\/index.php\/wp-json\/wp\/v2\/types\/post"}],"author":[{"embeddable":true,"href":"http:\/\/ewig.es\/index.php\/wp-json\/wp\/v2\/users\/1"}],"replies":[{"embeddable":true,"href":"http:\/\/ewig.es\/index.php\/wp-json\/wp\/v2\/comments?post=4392"}],"version-history":[{"count":3,"href":"http:\/\/ewig.es\/index.php\/wp-json\/wp\/v2\/posts\/4392\/revisions"}],"predecessor-version":[{"id":4395,"href":"http:\/\/ewig.es\/index.php\/wp-json\/wp\/v2\/posts\/4392\/revisions\/4395"}],"wp:attachment":[{"href":"http:\/\/ewig.es\/index.php\/wp-json\/wp\/v2\/media?parent=4392"}],"wp:term":[{"taxonomy":"category","embeddable":true,"href":"http:\/\/ewig.es\/index.php\/wp-json\/wp\/v2\/categories?post=4392"},{"taxonomy":"post_tag","embeddable":true,"href":"http:\/\/ewig.es\/index.php\/wp-json\/wp\/v2\/tags?post=4392"}],"curies":[{"name":"wp","href":"https:\/\/api.w.org\/{rel}","templated":true}]}}