{"id":4429,"date":"2021-11-27T08:01:26","date_gmt":"2021-11-27T07:01:26","guid":{"rendered":"http:\/\/ewig.es\/?p=4429"},"modified":"2021-11-27T08:17:17","modified_gmt":"2021-11-27T07:17:17","slug":"einfuehrung-in-das-thema-jnana-yoga","status":"publish","type":"post","link":"http:\/\/ewig.es\/index.php\/2021\/11\/27\/einfuehrung-in-das-thema-jnana-yoga\/","title":{"rendered":"Einf\u00fchrung in das Thema &#8222;Jnana-Yoga&#8220;"},"content":{"rendered":"\n<p class=\"wp-block-paragraph\">(Grundlage dazu: &#8222;Einf\u00fchrung in das Thema Erkenntnis&#8220;)<\/p>\n\n\n\n<p class=\"wp-block-paragraph\">Die Erkenntnis der Regentschaft des &#8222;Objekts&#8220; (&#8222;Universum&#8220;) \u00fcber das &#8222;Subjekt&#8220; (&#8222;Ich&#8220;) ist einer der Inhalte des Jnana-Yoga. Und spirituell wird diese Erkenntnis in ihrer pers\u00f6nlichen Konsequenz als &#8222;Hingabe&#8220; (an &#8222;h\u00f6here Macht&#8220;) umschrieben.<\/p>\n\n\n\n<p class=\"wp-block-paragraph\">Es gibt in der Spiritualit\u00e4t immer wieder Leuchten, die sich hinstellen und viel darauf einbilden, was &#8222;ihre&#8220; Pers\u00f6nlichkeit in dieser Veranstaltung als &#8222;reiner Wille&#8220; zu bestimmen h\u00e4tte.<\/p>\n\n\n\n<p class=\"wp-block-paragraph\">Einige dieser Querdeppen stellten sich vorletzten August in Berlin hin und glaubten, nur weil sie es sich einbilden, in zwei Wochen Merkel st\u00fcrzen zu k\u00f6nnen: als Ausdruck der unb\u00e4ndigen &#8222;spirituellen Kraft&#8220; ihres &#8222;reinen und gesammelten Willens&#8220;: Deppen-Willen ist der treffende Ausdruck daf\u00fcr.<\/p>\n\n\n\n<p class=\"wp-block-paragraph\">Analog verh\u00e4lt es sich mit einer Million Deppen, die glauben, durch die Kraft ihres &#8222;reinen spirituellen Willens&#8220; ein Virus zu besiegen, das noch kleiner als der Nagel ist, den ihr gemeinsamer &#8222;reiner Wille&#8220; nicht in die Wand treiben kann: Deppen-Spiritualit\u00e4t ist der treffende Ausdruck daf\u00fcr.<\/p>\n\n\n\n<p class=\"wp-block-paragraph\">Und diese Beispiele m\u00f6gen mir als Einf\u00fchrung in das Thema &#8222;Jnana-Yoga&#8220; gen\u00fcgen: &#8222;Wille&#8220; kann f\u00fcr sich selbst rein gar nichts, besonders wenig &#8222;der reine Wille&#8220;.<\/p>\n<div class=\"clearfix\"><span class='ldc-ul_cont' onclick=\"alter_ul_post_values(this,'4429','like')\" >gef\u00e4llt mir<img decoding=\"async\" src=\"http:\/\/ewig.es\/wordpress\/wp-content\/plugins\/like-dislike-counter-for-posts-pages-and-comments\/images\/up.png\" \/>(<span>3<\/span>)<\/span><span class='ldc-ul_cont' onclick=\"alter_ul_post_values(this,'4429','dislike')\" ><img decoding=\"async\" src=\"http:\/\/ewig.es\/wordpress\/wp-content\/plugins\/like-dislike-counter-for-posts-pages-and-comments\/images\/down.png\" \/>(<span>0<\/span>)<\/span><\/div>","protected":false},"excerpt":{"rendered":"<p>(Grundlage dazu: &#8222;Einf\u00fchrung in das Thema Erkenntnis&#8220;) Die Erkenntnis der Regentschaft des &#8222;Objekts&#8220; (&#8222;Universum&#8220;) \u00fcber das &#8222;Subjekt&#8220; (&#8222;Ich&#8220;) ist einer der Inhalte des Jnana-Yoga. Und spirituell wird diese Erkenntnis in ihrer pers\u00f6nlichen Konsequenz als &#8222;Hingabe&#8220; (an &#8222;h\u00f6here Macht&#8220;) umschrieben. Es gibt in der Spiritualit\u00e4t immer wieder Leuchten, die sich hinstellen und viel darauf einbilden, was &hellip; <a href=\"http:\/\/ewig.es\/index.php\/2021\/11\/27\/einfuehrung-in-das-thema-jnana-yoga\/\" class=\"more-link\"><span class=\"screen-reader-text\">\u201eEinf\u00fchrung in das Thema &#8222;Jnana-Yoga&#8220;\u201c<\/span> weiterlesen<\/a><\/p>\n","protected":false},"author":1,"featured_media":0,"comment_status":"open","ping_status":"closed","sticky":false,"template":"","format":"standard","meta":{"footnotes":""},"categories":[22,1],"tags":[],"class_list":["post-4429","post","type-post","status-publish","format-standard","hentry","category-betrachtungen","category-tagebuch"],"_links":{"self":[{"href":"http:\/\/ewig.es\/index.php\/wp-json\/wp\/v2\/posts\/4429","targetHints":{"allow":["GET"]}}],"collection":[{"href":"http:\/\/ewig.es\/index.php\/wp-json\/wp\/v2\/posts"}],"about":[{"href":"http:\/\/ewig.es\/index.php\/wp-json\/wp\/v2\/types\/post"}],"author":[{"embeddable":true,"href":"http:\/\/ewig.es\/index.php\/wp-json\/wp\/v2\/users\/1"}],"replies":[{"embeddable":true,"href":"http:\/\/ewig.es\/index.php\/wp-json\/wp\/v2\/comments?post=4429"}],"version-history":[{"count":9,"href":"http:\/\/ewig.es\/index.php\/wp-json\/wp\/v2\/posts\/4429\/revisions"}],"predecessor-version":[{"id":4439,"href":"http:\/\/ewig.es\/index.php\/wp-json\/wp\/v2\/posts\/4429\/revisions\/4439"}],"wp:attachment":[{"href":"http:\/\/ewig.es\/index.php\/wp-json\/wp\/v2\/media?parent=4429"}],"wp:term":[{"taxonomy":"category","embeddable":true,"href":"http:\/\/ewig.es\/index.php\/wp-json\/wp\/v2\/categories?post=4429"},{"taxonomy":"post_tag","embeddable":true,"href":"http:\/\/ewig.es\/index.php\/wp-json\/wp\/v2\/tags?post=4429"}],"curies":[{"name":"wp","href":"https:\/\/api.w.org\/{rel}","templated":true}]}}