{"id":4451,"date":"2021-11-27T19:45:26","date_gmt":"2021-11-27T18:45:26","guid":{"rendered":"http:\/\/ewig.es\/?p=4451"},"modified":"2021-11-27T20:00:11","modified_gmt":"2021-11-27T19:00:11","slug":"auf-youtube","status":"publish","type":"post","link":"http:\/\/ewig.es\/index.php\/2021\/11\/27\/auf-youtube\/","title":{"rendered":"Jnana-Yoga: die Praxis (seine  Strategie)"},"content":{"rendered":"\n<p class=\"wp-block-paragraph\">Grundlage ist der Beitrag: Die Rolle des Willens im Jnana-Yoga<\/p>\n\n\n\n<p class=\"wp-block-paragraph\">Auf Youtube thematisierte heute ein kleiner Influencer, der sich gegen das Geschwurbel in der Pandemie engagiert hatte, warum er nun aufh\u00f6rt, Motto: &#8222;Schnauze voll&#8220;<\/p>\n\n\n\n<p class=\"wp-block-paragraph\">Das kann ich gut verstehen, denn es geht ja prim\u00e4r nicht mehr, wie ganz am Anfang der Pandemie, um Wissensaustausch, sondern immer mehr um Glaube.<\/p>\n\n\n\n<p class=\"wp-block-paragraph\">Und in Glaubensdingen ist eine Diskussion in der Regel m\u00fc\u00dfig und verh\u00e4rtet nur weiter die Diskussionen.<\/p>\n\n\n\n<p class=\"wp-block-paragraph\">Ich war da anfangs in selber Weise eher naiv, n\u00e4mlich darin, dass zumindest die Naturwissenschaft eine gemeinsame Diskussionsgrundlage darstellt, so vorl\u00e4ufig viele ihrer Ergebnisse auch immer sind: &#8222;der Stand des Wissens.&#8220;<\/p>\n\n\n\n<p class=\"wp-block-paragraph\">Wir leben pers\u00f6nlich immer eine Art Fiktion \u00fcber eine Wirklichkeit, die wir nicht vollst\u00e4ndig kennen. Und was wir \u00fcber sie halbwegs verl\u00e4sslich wissen, wurde dem Nichtwissen, der Demenz der Wirklichkeit, sozial hart abgerungen.<\/p>\n\n\n\n<p class=\"wp-block-paragraph\">Irgendwie ist mein pers\u00f6nliches Gef\u00fchl, dass nun erst einmal &#8222;die W\u00fcrfel gefallen&#8220; sind. Und was die sozialen Konsequenzen sind, wei\u00df ich nicht. Ich muss ja auch ber\u00fccksichtigen, dass das schon immer so war. Und erst in dieser Pandemie dann auff\u00e4llig wurde, da der Stammtisch nun global ist.<\/p>\n\n\n\n<p class=\"wp-block-paragraph\">Und gerade im Thema Spiritualit\u00e4t ist das noch viel extremer als in den Fragen rund um diese Pandemie. Es geht oft weit mehr um Glaube, Best\u00e4tigung des eigenen Glaubens, als um das Thema Erkenntnis.<\/p>\n\n\n\n<p class=\"wp-block-paragraph\">Und das ist im Thema noch weit schwieriger, da es sozialer Konsens ist, nur diese Pers\u00f6nlichkeit (in ihrer sozialen Interaktion) zu sein. Das stimmt zwar, rein auf die Pers\u00f6nlichkeit bezogen, aber im Wesen, substanziell, bin ich eins mit der Wirklichkeit&#8230; nicht nur im Aspekt der Materie und der Evolution, sondern auch im Aspekt der Psyche, die es als isoliertes (rein f\u00fcr sich selbst seiendes) Ph\u00e4nomen gar nicht gibt.<\/p>\n\n\n\n<p class=\"wp-block-paragraph\">Die gibt es schon seit dem Beginn der Evolution. Und sie taucht ab (Tod), taucht wieder auf (Geburt) und ist aus ihren unz\u00e4hlbaren Wiedergeburten gepr\u00e4gt, auch wenn sich diese \u00fcber unsere Begrifflichkeiten &#8222;pers\u00f6nlich&#8220; und &#8222;unpers\u00f6nlich&#8220; erheben&#8230; also selbst noch ein ungel\u00f6stes R\u00e4tsel sind.<\/p>\n\n\n\n<p class=\"wp-block-paragraph\">Will ich Wissen gewinnen, muss ich mich dem Ereignis zuwenden und nicht dem Glauben \u00fcber das Ereignis und meinen Glauben \u00fcber das Ereignis stellen. Das gelingt zugegeben schwer, aber daher ist der Wissensgewinn der Jahrtausende auch eher gering. <\/p>\n\n\n\n<p class=\"wp-block-paragraph\">Die menschliche Psyche f\u00fcrchtet sich vor der Unsicherheit, die wirkliches Nichtwissen ausstrahlt. Lieber bewegt sie sich in scheinbarer Sicherheit (Glaube) als in der Unsicherheit des Nichtwissens. <\/p>\n\n\n\n<p class=\"wp-block-paragraph\">Nicht zu wissen, was diese Veranstaltung ist, ist daher auch viel schwerer zu verkaufen als alle Illusionen scheinbarer Sicherheit. Und je einfacher die zu greifen sind, desto einfacher finden sich bed\u00fcrftige Gem\u00fcter, die das Placebo gerne zu sich nehmen.<\/p>\n\n\n\n<p class=\"wp-block-paragraph\">Und das ist in der spirituellen Diskussion, so bemerkte ich im Rahmen der Pandemie-Diskussion, noch viel, viel &#8222;schlimmer&#8220;. Es gibt daher auch viele Menschen, die nach einer Erwachensphase lieber wieder an irgendetwas glauben, und sei es &#8222;der Mann mit Bart&#8220;.<\/p>\n\n\n\n<p class=\"wp-block-paragraph\">Wer stellt sich auch gerne immer wieder infrage? Und damit auch Wege, in die ich pers\u00f6nlich viel Zeit investiert habe? <\/p>\n\n\n\n<p class=\"wp-block-paragraph\">Analog wie f\u00fcr die Naturwissenschaft die Orientierung das geschehende Ereignis der Vielfalt ist, so ist der spirituelle Orientierungspunkt eine ganz einfache, jede bekannte Tatsache: Selbst zu sein: &#8222;ich bin&#8220;<\/p>\n\n\n\n<p class=\"wp-block-paragraph\">Und die Methode des Jnana-Yoga setzt hier an, in der einfachen Betrachtung dieses &#8222;selbst zu sein&#8220;, jedoch im &#8222;neti, neti&#8220;.<\/p>\n\n\n\n<p class=\"wp-block-paragraph\">Ramana nannte &#8222;neti, neti&#8220;: &#8222;Alles was kommt und geht ist nicht wirklich.&#8220;<\/p>\n\n\n\n<p class=\"wp-block-paragraph\">Das hei\u00dft nicht, dass die Welt der Erscheinungen nicht ihre Wirklichkeit h\u00e4tte, sondern sie ist in dieser Fragestellung nicht relevant.<\/p>\n\n\n\n<p class=\"wp-block-paragraph\">Es geht in ihr um den Hintergrund zu allen Erscheinungen, auch dem der Pers\u00f6nlichkeit. Pers\u00f6nlichkeit und Welt haben einen gemeinsamen Hintergrund, den Ramana mit einer Leinwand verglich, auf die ein Film projiziert wird. Dieser Vergleich ist nicht w\u00f6rtlich zu nehmen. <\/p>\n\n\n\n<p class=\"wp-block-paragraph\">In der Selbsterforschung geht es um diesen gemeinsamen Hintergrund. Und in dieser Frage ist eben weder die Welt noch die eigene Pers\u00f6nlichkeit relevant.<\/p>\n\n\n\n<p class=\"wp-block-paragraph\">Es geht somit auch um den Hintergrund des pers\u00f6nlichen Ich (Pers\u00f6nlichkeit), der dann, unbeholfen, &#8222;kosmisches Ich&#8220; genannt wird. <\/p>\n\n\n\n<p class=\"wp-block-paragraph\">Die Frage &#8222;Wer bin ich?&#8220; wird also in der eigenen Betrachtung auf das Ich zur\u00fcckgef\u00fchrt, das die Kleidung der Pers\u00f6nlichkeit tr\u00e4gt.<\/p>\n\n\n\n<p class=\"wp-block-paragraph\">Dazu muss ich nichts glauben, denn ich bin unabh\u00e4ngig davon, was ich glaube. Und es interessiert mein Glaube nicht nur ein Virus nicht, sondern auch das &#8222;ich bin&#8220; ist gegen humane Glaubensfragen resistent.<\/p>\n\n\n\n<p class=\"wp-block-paragraph\">Glaube geh\u00f6rt in diesem Thema zu: &#8222;Was kommt und geht ist (in dieser Frage) nicht wirklich (von keiner Relevanz).&#8220;<\/p>\n\n\n\n<p class=\"wp-block-paragraph\">Wer bin ich?<\/p>\n\n\n\n<p class=\"wp-block-paragraph\"><\/p>\n<div class=\"clearfix\"><span class='ldc-ul_cont' onclick=\"alter_ul_post_values(this,'4451','like')\" >gef\u00e4llt mir<img decoding=\"async\" src=\"http:\/\/ewig.es\/wordpress\/wp-content\/plugins\/like-dislike-counter-for-posts-pages-and-comments\/images\/up.png\" \/>(<span>6<\/span>)<\/span><span class='ldc-ul_cont' onclick=\"alter_ul_post_values(this,'4451','dislike')\" ><img decoding=\"async\" src=\"http:\/\/ewig.es\/wordpress\/wp-content\/plugins\/like-dislike-counter-for-posts-pages-and-comments\/images\/down.png\" \/>(<span>0<\/span>)<\/span><\/div>","protected":false},"excerpt":{"rendered":"<p>Grundlage ist der Beitrag: Die Rolle des Willens im Jnana-Yoga Auf Youtube thematisierte heute ein kleiner Influencer, der sich gegen das Geschwurbel in der Pandemie engagiert hatte, warum er nun aufh\u00f6rt, Motto: &#8222;Schnauze voll&#8220; Das kann ich gut verstehen, denn es geht ja prim\u00e4r nicht mehr, wie ganz am Anfang der Pandemie, um Wissensaustausch, sondern &hellip; <a href=\"http:\/\/ewig.es\/index.php\/2021\/11\/27\/auf-youtube\/\" class=\"more-link\"><span class=\"screen-reader-text\">\u201eJnana-Yoga: die Praxis (seine  Strategie)\u201c<\/span> weiterlesen<\/a><\/p>\n","protected":false},"author":1,"featured_media":0,"comment_status":"open","ping_status":"closed","sticky":false,"template":"","format":"standard","meta":{"footnotes":""},"categories":[22,1],"tags":[],"class_list":["post-4451","post","type-post","status-publish","format-standard","hentry","category-betrachtungen","category-tagebuch"],"_links":{"self":[{"href":"http:\/\/ewig.es\/index.php\/wp-json\/wp\/v2\/posts\/4451","targetHints":{"allow":["GET"]}}],"collection":[{"href":"http:\/\/ewig.es\/index.php\/wp-json\/wp\/v2\/posts"}],"about":[{"href":"http:\/\/ewig.es\/index.php\/wp-json\/wp\/v2\/types\/post"}],"author":[{"embeddable":true,"href":"http:\/\/ewig.es\/index.php\/wp-json\/wp\/v2\/users\/1"}],"replies":[{"embeddable":true,"href":"http:\/\/ewig.es\/index.php\/wp-json\/wp\/v2\/comments?post=4451"}],"version-history":[{"count":6,"href":"http:\/\/ewig.es\/index.php\/wp-json\/wp\/v2\/posts\/4451\/revisions"}],"predecessor-version":[{"id":4458,"href":"http:\/\/ewig.es\/index.php\/wp-json\/wp\/v2\/posts\/4451\/revisions\/4458"}],"wp:attachment":[{"href":"http:\/\/ewig.es\/index.php\/wp-json\/wp\/v2\/media?parent=4451"}],"wp:term":[{"taxonomy":"category","embeddable":true,"href":"http:\/\/ewig.es\/index.php\/wp-json\/wp\/v2\/categories?post=4451"},{"taxonomy":"post_tag","embeddable":true,"href":"http:\/\/ewig.es\/index.php\/wp-json\/wp\/v2\/tags?post=4451"}],"curies":[{"name":"wp","href":"https:\/\/api.w.org\/{rel}","templated":true}]}}