{"id":4463,"date":"2021-11-30T08:46:29","date_gmt":"2021-11-30T07:46:29","guid":{"rendered":"http:\/\/ewig.es\/?p=4463"},"modified":"2021-11-30T08:47:27","modified_gmt":"2021-11-30T07:47:27","slug":"gestern-am-nachmittag","status":"publish","type":"post","link":"http:\/\/ewig.es\/index.php\/2021\/11\/30\/gestern-am-nachmittag\/","title":{"rendered":"Gestern am Nachmittag"},"content":{"rendered":"\n<p class=\"wp-block-paragraph\">\u00fcberfiel mich aus heiterem Himmel ein endloses Niesen und ein \u00fcbler Schnupfen, aber im Schlaf gingen die Symptome wieder weg.<\/p>\n\n\n\n<p class=\"wp-block-paragraph\">Und nun wei\u00df ich wieder einmal nicht, ob es &#8222;das Virus&#8220; oder ein anderes Virus ist? <\/p>\n\n\n\n<p class=\"wp-block-paragraph\">Ich googelte dann und las, dass die Symptome auch auf einen Impfdurchbruch passen. Da ich keine Lust habe, nach Langres zum Testen zu fahren, bleibe ich nun einfach ein paar Tage daheim und warte ab.<\/p>\n\n\n\n<p class=\"wp-block-paragraph\">Vermutlich ist es ein Schnupfen, denn die haben bei mir \u00f6fter nur eine Inkubationszeit von wenigen Stunden und sind dann recht schnell wieder vorbei. <\/p>\n<div class=\"clearfix\"><span class='ldc-ul_cont' onclick=\"alter_ul_post_values(this,'4463','like')\" >gef\u00e4llt mir<img decoding=\"async\" src=\"http:\/\/ewig.es\/wordpress\/wp-content\/plugins\/like-dislike-counter-for-posts-pages-and-comments\/images\/up.png\" \/>(<span>8<\/span>)<\/span><span class='ldc-ul_cont' onclick=\"alter_ul_post_values(this,'4463','dislike')\" ><img decoding=\"async\" src=\"http:\/\/ewig.es\/wordpress\/wp-content\/plugins\/like-dislike-counter-for-posts-pages-and-comments\/images\/down.png\" \/>(<span>1<\/span>)<\/span><\/div>","protected":false},"excerpt":{"rendered":"<p>\u00fcberfiel mich aus heiterem Himmel ein endloses Niesen und ein \u00fcbler Schnupfen, aber im Schlaf gingen die Symptome wieder weg. Und nun wei\u00df ich wieder einmal nicht, ob es &#8222;das Virus&#8220; oder ein anderes Virus ist? Ich googelte dann und las, dass die Symptome auch auf einen Impfdurchbruch passen. Da ich keine Lust habe, nach &hellip; <a href=\"http:\/\/ewig.es\/index.php\/2021\/11\/30\/gestern-am-nachmittag\/\" class=\"more-link\"><span class=\"screen-reader-text\">\u201eGestern am Nachmittag\u201c<\/span> weiterlesen<\/a><\/p>\n","protected":false},"author":1,"featured_media":0,"comment_status":"open","ping_status":"closed","sticky":false,"template":"","format":"standard","meta":{"footnotes":""},"categories":[1],"tags":[],"class_list":["post-4463","post","type-post","status-publish","format-standard","hentry","category-tagebuch"],"_links":{"self":[{"href":"http:\/\/ewig.es\/index.php\/wp-json\/wp\/v2\/posts\/4463","targetHints":{"allow":["GET"]}}],"collection":[{"href":"http:\/\/ewig.es\/index.php\/wp-json\/wp\/v2\/posts"}],"about":[{"href":"http:\/\/ewig.es\/index.php\/wp-json\/wp\/v2\/types\/post"}],"author":[{"embeddable":true,"href":"http:\/\/ewig.es\/index.php\/wp-json\/wp\/v2\/users\/1"}],"replies":[{"embeddable":true,"href":"http:\/\/ewig.es\/index.php\/wp-json\/wp\/v2\/comments?post=4463"}],"version-history":[{"count":3,"href":"http:\/\/ewig.es\/index.php\/wp-json\/wp\/v2\/posts\/4463\/revisions"}],"predecessor-version":[{"id":4466,"href":"http:\/\/ewig.es\/index.php\/wp-json\/wp\/v2\/posts\/4463\/revisions\/4466"}],"wp:attachment":[{"href":"http:\/\/ewig.es\/index.php\/wp-json\/wp\/v2\/media?parent=4463"}],"wp:term":[{"taxonomy":"category","embeddable":true,"href":"http:\/\/ewig.es\/index.php\/wp-json\/wp\/v2\/categories?post=4463"},{"taxonomy":"post_tag","embeddable":true,"href":"http:\/\/ewig.es\/index.php\/wp-json\/wp\/v2\/tags?post=4463"}],"curies":[{"name":"wp","href":"https:\/\/api.w.org\/{rel}","templated":true}]}}