{"id":4490,"date":"2022-07-25T17:39:30","date_gmt":"2022-07-25T15:39:30","guid":{"rendered":"http:\/\/ewig.es\/?p=4490"},"modified":"2022-07-25T17:41:18","modified_gmt":"2022-07-25T15:41:18","slug":"ich-bin-wieder-daheim","status":"publish","type":"post","link":"http:\/\/ewig.es\/index.php\/2022\/07\/25\/ich-bin-wieder-daheim\/","title":{"rendered":"Ich bin wieder daheim."},"content":{"rendered":"\n<p class=\"wp-block-paragraph\">Zwischenzeitlich kam Omikron und der Ukraine-Krieg, zudem gewann die Rechte lokal die letzten Wahlen. Und ich wei\u00df immer weniger, f\u00fcr wen ich schreibe.<\/p>\n\n\n\n<p class=\"wp-block-paragraph\">Vorletzte Nacht ber\u00fchrte ich in meinen Tr\u00e4umen eine tiefere Schicht des Unterbewusstseins und fand die Mumie eines vierarmigen Gottes, v\u00f6llig vertrocknet, nicht beachtet, im Staube liegend, die ich aufhob, damit niemand auf sie tritt. <\/p>\n\n\n\n<p class=\"wp-block-paragraph\">Und wie ich sie aufhob, fing sie an zu vibrieren, sie war noch nicht ganz tot, es war noch Leben in ihr. Ich umarmte sie wie ein Tier, das im Todeskampf zuckt, wollte sie beruhigen, aber dann zeigte sie eine unb\u00e4ndige Macht, die mich selbst erschreckte und aus dem Traum riss. Und sie thematisierte sich in weiteren Tr\u00e4umen. <\/p>\n\n\n\n<p class=\"wp-block-paragraph\">Ihr Vibrieren \u00fcbertrug sich auf mich und flaute dann im Laufe des gestrigen Tages wieder ab. <\/p>\n\n\n\n<p class=\"wp-block-paragraph\">Und diese Traumserie schickte mich wieder nach Hause, mich zuk\u00fcnftig um meine eigenen Dinge zu k\u00fcmmern.<\/p>\n\n\n\n<p class=\"wp-block-paragraph\">Wann, ob und wie es nun weiter geht, wird sich auch mir erst zeigen. <\/p>\n\n\n\n<p class=\"wp-block-paragraph\">Irgendwann werde ich meinen Account auf Facebook wieder l\u00f6schen, wie letzten Herbst\/ Winter, als Information an die, die mich von dort kennen. <\/p>\n\n\n\n<p class=\"wp-block-paragraph\">Mich pers\u00f6nlich interessiert der alte Kram nicht mehr. Ich bin kein Buchhalter. Wer darin etwas fand, was ihr\/ ihm etwas sagte, gefiel, mag es f\u00fcr sich selbst speichern.<\/p>\n<div class=\"clearfix\"><span class='ldc-ul_cont' onclick=\"alter_ul_post_values(this,'4490','like')\" >gef\u00e4llt mir<img decoding=\"async\" src=\"http:\/\/ewig.es\/wordpress\/wp-content\/plugins\/like-dislike-counter-for-posts-pages-and-comments\/images\/up.png\" \/>(<span>9<\/span>)<\/span><span class='ldc-ul_cont' onclick=\"alter_ul_post_values(this,'4490','dislike')\" ><img decoding=\"async\" src=\"http:\/\/ewig.es\/wordpress\/wp-content\/plugins\/like-dislike-counter-for-posts-pages-and-comments\/images\/down.png\" \/>(<span>2<\/span>)<\/span><\/div>","protected":false},"excerpt":{"rendered":"<p>Zwischenzeitlich kam Omikron und der Ukraine-Krieg, zudem gewann die Rechte lokal die letzten Wahlen. Und ich wei\u00df immer weniger, f\u00fcr wen ich schreibe. Vorletzte Nacht ber\u00fchrte ich in meinen Tr\u00e4umen eine tiefere Schicht des Unterbewusstseins und fand die Mumie eines vierarmigen Gottes, v\u00f6llig vertrocknet, nicht beachtet, im Staube liegend, die ich aufhob, damit niemand auf &hellip; <a href=\"http:\/\/ewig.es\/index.php\/2022\/07\/25\/ich-bin-wieder-daheim\/\" class=\"more-link\"><span class=\"screen-reader-text\">\u201eIch bin wieder daheim.\u201c<\/span> weiterlesen<\/a><\/p>\n","protected":false},"author":1,"featured_media":0,"comment_status":"open","ping_status":"closed","sticky":false,"template":"","format":"standard","meta":{"footnotes":""},"categories":[1],"tags":[],"class_list":["post-4490","post","type-post","status-publish","format-standard","hentry","category-tagebuch"],"_links":{"self":[{"href":"http:\/\/ewig.es\/index.php\/wp-json\/wp\/v2\/posts\/4490","targetHints":{"allow":["GET"]}}],"collection":[{"href":"http:\/\/ewig.es\/index.php\/wp-json\/wp\/v2\/posts"}],"about":[{"href":"http:\/\/ewig.es\/index.php\/wp-json\/wp\/v2\/types\/post"}],"author":[{"embeddable":true,"href":"http:\/\/ewig.es\/index.php\/wp-json\/wp\/v2\/users\/1"}],"replies":[{"embeddable":true,"href":"http:\/\/ewig.es\/index.php\/wp-json\/wp\/v2\/comments?post=4490"}],"version-history":[{"count":2,"href":"http:\/\/ewig.es\/index.php\/wp-json\/wp\/v2\/posts\/4490\/revisions"}],"predecessor-version":[{"id":4492,"href":"http:\/\/ewig.es\/index.php\/wp-json\/wp\/v2\/posts\/4490\/revisions\/4492"}],"wp:attachment":[{"href":"http:\/\/ewig.es\/index.php\/wp-json\/wp\/v2\/media?parent=4490"}],"wp:term":[{"taxonomy":"category","embeddable":true,"href":"http:\/\/ewig.es\/index.php\/wp-json\/wp\/v2\/categories?post=4490"},{"taxonomy":"post_tag","embeddable":true,"href":"http:\/\/ewig.es\/index.php\/wp-json\/wp\/v2\/tags?post=4490"}],"curies":[{"name":"wp","href":"https:\/\/api.w.org\/{rel}","templated":true}]}}