{"id":4495,"date":"2022-07-27T18:32:20","date_gmt":"2022-07-27T16:32:20","guid":{"rendered":"http:\/\/ewig.es\/?p=4495"},"modified":"2022-07-27T18:34:09","modified_gmt":"2022-07-27T16:34:09","slug":"gestern-2","status":"publish","type":"post","link":"http:\/\/ewig.es\/index.php\/2022\/07\/27\/gestern-2\/","title":{"rendered":"Gestern"},"content":{"rendered":"\n<p class=\"wp-block-paragraph\">machte ich einen Covid-Test: negativ.<\/p>\n\n\n\n<p class=\"wp-block-paragraph\">Und heute wachte ich um 3 Uhr mit Muskelschmerzen auf, rieb dann Brennnesseln. Und wie ich den Staub einatmete, gingen die Muskelschmerzen weg. Zufall? Keine Ahnung.<\/p>\n\n\n\n<p class=\"wp-block-paragraph\">Am Morgen s\u00e4gte ich zwei Fuhren Holz im Wald. Und ich bin immer wieder erstaunt, wie wohl ich mich derzeit im Wald f\u00fchle. Als l\u00e4ge da derzeit etwas in der Luft, ein ganz besonderer Duft.<\/p>\n\n\n\n<p class=\"wp-block-paragraph\">Dann fuhr ich in einen anderen Wald, nach Pilzen schauend. Nichts. So holte ich wieder eine Landung Brennnesseln zum Trocknen. Eine riesige \u00c4skulap-Natter lag auf der Stra\u00dfe.<\/p>\n\n\n\n<p class=\"wp-block-paragraph\">Ich hatte die letzten Tage keine Brennnesseln gegessen, jedoch das Erlebnis am Morgen deutet wieder darauf, dass die Pflanze f\u00fcr mich ideal ist. Und wom\u00f6glich ist es sogar sehr effektiv, sie wie Schnupftabak zu verwenden.<\/p>\n\n\n\n<p class=\"wp-block-paragraph\">Da die Henne sich beschwerte, darf sie nun mit den K\u00fcken seit zwei Tagen in den Garten. Und die K\u00fcken sind ganz begeistert und scharren und scharren und piepsen und scharren, dazwischen die Eichh\u00f6rnchen, die anderen V\u00f6gel &#8211; wie im Zoo. Und ich darf gar nicht so genau schauen, wie die K\u00fcken jedes Loch erforschen. Aber bisher wurde keines von der gro\u00dfen Schlange gefressen.<\/p>\n\n\n\n<p class=\"wp-block-paragraph\"><\/p>\n<div class=\"clearfix\"><span class='ldc-ul_cont' onclick=\"alter_ul_post_values(this,'4495','like')\" >gef\u00e4llt mir<img decoding=\"async\" src=\"http:\/\/ewig.es\/wordpress\/wp-content\/plugins\/like-dislike-counter-for-posts-pages-and-comments\/images\/up.png\" \/>(<span>4<\/span>)<\/span><span class='ldc-ul_cont' onclick=\"alter_ul_post_values(this,'4495','dislike')\" ><img decoding=\"async\" src=\"http:\/\/ewig.es\/wordpress\/wp-content\/plugins\/like-dislike-counter-for-posts-pages-and-comments\/images\/down.png\" \/>(<span>0<\/span>)<\/span><\/div>","protected":false},"excerpt":{"rendered":"<p>machte ich einen Covid-Test: negativ. Und heute wachte ich um 3 Uhr mit Muskelschmerzen auf, rieb dann Brennnesseln. Und wie ich den Staub einatmete, gingen die Muskelschmerzen weg. Zufall? Keine Ahnung. Am Morgen s\u00e4gte ich zwei Fuhren Holz im Wald. Und ich bin immer wieder erstaunt, wie wohl ich mich derzeit im Wald f\u00fchle. Als &hellip; <a href=\"http:\/\/ewig.es\/index.php\/2022\/07\/27\/gestern-2\/\" class=\"more-link\"><span class=\"screen-reader-text\">\u201eGestern\u201c<\/span> weiterlesen<\/a><\/p>\n","protected":false},"author":1,"featured_media":0,"comment_status":"open","ping_status":"closed","sticky":false,"template":"","format":"standard","meta":{"footnotes":""},"categories":[1],"tags":[],"class_list":["post-4495","post","type-post","status-publish","format-standard","hentry","category-tagebuch"],"_links":{"self":[{"href":"http:\/\/ewig.es\/index.php\/wp-json\/wp\/v2\/posts\/4495","targetHints":{"allow":["GET"]}}],"collection":[{"href":"http:\/\/ewig.es\/index.php\/wp-json\/wp\/v2\/posts"}],"about":[{"href":"http:\/\/ewig.es\/index.php\/wp-json\/wp\/v2\/types\/post"}],"author":[{"embeddable":true,"href":"http:\/\/ewig.es\/index.php\/wp-json\/wp\/v2\/users\/1"}],"replies":[{"embeddable":true,"href":"http:\/\/ewig.es\/index.php\/wp-json\/wp\/v2\/comments?post=4495"}],"version-history":[{"count":2,"href":"http:\/\/ewig.es\/index.php\/wp-json\/wp\/v2\/posts\/4495\/revisions"}],"predecessor-version":[{"id":4497,"href":"http:\/\/ewig.es\/index.php\/wp-json\/wp\/v2\/posts\/4495\/revisions\/4497"}],"wp:attachment":[{"href":"http:\/\/ewig.es\/index.php\/wp-json\/wp\/v2\/media?parent=4495"}],"wp:term":[{"taxonomy":"category","embeddable":true,"href":"http:\/\/ewig.es\/index.php\/wp-json\/wp\/v2\/categories?post=4495"},{"taxonomy":"post_tag","embeddable":true,"href":"http:\/\/ewig.es\/index.php\/wp-json\/wp\/v2\/tags?post=4495"}],"curies":[{"name":"wp","href":"https:\/\/api.w.org\/{rel}","templated":true}]}}