{"id":4499,"date":"2022-07-28T23:51:34","date_gmt":"2022-07-28T21:51:34","guid":{"rendered":"http:\/\/ewig.es\/?p=4499"},"modified":"2022-07-29T00:32:42","modified_gmt":"2022-07-28T22:32:42","slug":"politik-und-spiritualitaet","status":"publish","type":"post","link":"http:\/\/ewig.es\/index.php\/2022\/07\/28\/politik-und-spiritualitaet\/","title":{"rendered":"Politik und Spiritualit\u00e4t"},"content":{"rendered":"\n<p class=\"wp-block-paragraph\">Vor vielen Jahren, zur Zeit der Maiden-Revolution in der Ukraine, hatte ich eine Diskussionsgruppe auf Facebook gegr\u00fcndet, die um das Thema Spiritualit\u00e4t und Politik kreiste.<\/p>\n\n\n\n<p class=\"wp-block-paragraph\">Die Diskussion wurde mit den Fl\u00fcchtlingsstr\u00f6men aus Syrien so unertr\u00e4glich f\u00fcr mich, dass ich ausstieg.<\/p>\n\n\n\n<p class=\"wp-block-paragraph\">Danach diskutierte ich mehr das Thema Klimaerw\u00e4rmung, aber das f\u00fchrte auch nur dazu, dass ich einige &#8222;spirituelle Freunde&#8220; verlor.<\/p>\n\n\n\n<p class=\"wp-block-paragraph\">Ich machte 2019 eine Radreise von Sagres (Portugal) nach Hause, um einerseits das Thema &#8222;Flucht&#8220; sinnlich am eigenen Leibe (in Ans\u00e4tzen) nachzuvollziehen. Und auch, um mich mit dem Thema K\u00fcstenerosion zu befassen. <\/p>\n\n\n\n<p class=\"wp-block-paragraph\">In Spanien traf ich Menschen, mit denen ich sehr ansprechende Diskussionen im Thema Klimaerw\u00e4rmung hatte, zudem radelte ich immer wieder an den H\u00fctten aus Plastikplanen der Arbeitsimmigranten vorbei, die in den Gew\u00e4chsh\u00e4usern S\u00fcdspaniens f\u00fcr Hungerl\u00f6hne arbeiten.<\/p>\n\n\n\n<p class=\"wp-block-paragraph\">Dann kam Corona, und die Diskussionen wurden im Umfeld Spiritualit\u00e4t noch abstruser. <\/p>\n\n\n\n<p class=\"wp-block-paragraph\">Bei den letzten Wahlen in Deutschland w\u00e4hlte ich die Gr\u00fcnen.<\/p>\n\n\n\n<p class=\"wp-block-paragraph\">Heute schaute ich mir zwei YouTubes an. Eines zeigte einen durch die derzeitige Hitzewelle, und damit verbundene Gletscherschmelze, \u00fcberlaufenden Stausee in den Alpen. Und dazu nur &#8222;Deppenkommentare&#8220;, im Sinne von: &#8222;Was, da wird behauptet, es herrsche Trockenheit, dabei laufen die Stauseen \u00fcber?&#8220;<\/p>\n\n\n\n<p class=\"wp-block-paragraph\">Dann schaute ich ein YouTube zu einem Wohnmobil f\u00fcr knapp 4 Millionen Euro an, im maximalen LKW-Format. Und in den Kommentaren nur Begeisterungsschreie.<\/p>\n\n\n\n<p class=\"wp-block-paragraph\">Warum schreibe ich hier dar\u00fcber?<\/p>\n\n\n\n<p class=\"wp-block-paragraph\">Es ist die Einf\u00fchrung in das Thema: &#8222;Das &#8222;Dritte Auge&#8220; Shivas&#8220;.<\/p>\n\n\n\n<p class=\"wp-block-paragraph\">Das &#8222;Dritte Auge&#8220; ist auch &#8222;das Auge f\u00fcr die Ewigkeit&#8220;. Buddha thematisierte es in seiner Ethiklehre, Jesus thematisierte es in seinen Predigten. Und es hat gar nicht viel damit zu tun, nun besonders &#8222;ethisch&#8220; zu sein, das bin ich auch nicht, sondern zu lernen, das zu sehen, was diese Alten im Thema sahen.<\/p>\n\n\n\n<p class=\"wp-block-paragraph\">Es ist ein &#8222;energetisches Auge&#8220;. Und heute ist es oft modern, im Thema Spiritualit\u00e4t ein energetischer Depp zu sein: &#8222;Ist ja eh alles &#8222;nur&#8220; eine Illusion.&#8220;<\/p>\n\n\n\n<p class=\"wp-block-paragraph\">Ja, das ist gar nicht so &#8222;falsch&#8220;, aber eben auch nicht &#8222;richtig&#8220;.<\/p>\n\n\n\n<p class=\"wp-block-paragraph\">Was sah denn nun Buddha? Was sah denn Jesus von Nazareth? <\/p>\n\n\n\n<p class=\"wp-block-paragraph\">Ich will mich weder mit dem einen noch dem anderen messen oder vergleichen, noch ihr pers\u00f6nliches Format beanspruchen. <\/p>\n\n\n\n<p class=\"wp-block-paragraph\">Es geht in diesem angedachten Thema prim\u00e4r um das  &#8222;energetische Sehen&#8220;. Den &#8222;energetischen Blick&#8220; in &#8222;die Ewigkeit&#8220;.<\/p>\n\n\n\n<p class=\"wp-block-paragraph\">Wenn ich hier zuk\u00fcnftig im Thema Spiritualit\u00e4t schreibe, nicht mehr die Ewigkeit pers\u00f6nlich erkennen zu lernen, also um &#8222;spirituelles Erwachen&#8220;, um &#8222;Erleuchtung&#8220;, um &#8222;mystische Erkenntnis&#8220;, vielmehr um das &#8222;Dritte Auge&#8220;.<\/p>\n\n\n\n<p class=\"wp-block-paragraph\">Das ist pers\u00f6nlich nicht nur ein &#8222;Segen&#8220;, es ist auch ein &#8222;Fluch&#8220;.<\/p>\n\n\n\n<p class=\"wp-block-paragraph\">Ignoranz ist ein viel gr\u00f6\u00dferer Segen als das &#8222;Sehen&#8220;, da die pers\u00f6nliche Sensibilit\u00e4t im &#8222;Dritten Auge&#8220; ein feines Messinstrument ist. Es ist heute viel angenehmer, es verschlossen zu halten, aber diese Wahl gibt es im Thema nicht.<\/p>\n\n\n\n<p class=\"wp-block-paragraph\">In der (siehe erster Beitrag meiner Heimkehr) &#8222;Wiederbelebung&#8220; der &#8222;Mumie Shivas&#8220; werde ich versuchen, mich dem schwierigsten Thema der &#8222;Spiritualit\u00e4t&#8220; in meinem Schreiben anzun\u00e4hern: &#8222;dem Auge Shivas.&#8220;<\/p>\n\n\n\n<p class=\"wp-block-paragraph\">Das &#8222;Auge des Deppen&#8220; dominiert heute sozial das Thema Spiritualit\u00e4t.<\/p>\n\n\n\n<p class=\"wp-block-paragraph\">Und ich kann mit diesem Thema, &#8222;das Auge Shivas&#8220;, sozial  nur scheitern.<\/p>\n\n\n\n<p class=\"wp-block-paragraph\">Aber vielleicht ist es f\u00fcr einige Leser hilfreich, in diesem Scheitern meinerseits eine gewisse Sensibilit\u00e4t f\u00fcr dieses &#8222;Auge&#8220; zu entwickeln. Es geht auch \u00fcber das reine Verstehen hinaus.<\/p>\n\n\n\n<p class=\"wp-block-paragraph\">Im Grunde ist es so, wie mir dieser Traum aus den Tiefen des Unbewussten zeigte. Es ist im Thema Spiritualit\u00e4t heute weitgehend einfach &#8222;tot&#8220;. <\/p>\n\n\n\n<p class=\"wp-block-paragraph\">Ramana Maharshi war noch einer dieser &#8222;Seher Shivas&#8220;.<\/p>\n\n\n\n<p class=\"wp-block-paragraph\">Und ganz ehrlich gesagt, kenne ich pers\u00f6nlich kein lebendes Beispiel, das ich in diesem Thema erw\u00e4hnen k\u00f6nnte. Auch nicht heutige &#8222;Gr\u00f6\u00dfen&#8220; wie ein Sadhguru, der eine riesige B\u00fcste Shivas basteln lie\u00df.<\/p>\n\n\n\n<p class=\"wp-block-paragraph\">Aber diese vertrocknete Mumie Shivas tut mir leid. Und ich wei\u00df gar nicht, wie ich das Thema anpacken soll, denn es ist f\u00fcr mich das anspruchsvollste Thema, zu dem ich je etwas Brauchbares schreiben sollte.<\/p>\n\n\n\n<p class=\"wp-block-paragraph\">Ich \u00fcberlegte, ob ich wieder mein pdf zu den sieben Erleuchtungen online stellen soll, las es selbst wieder an. Aus heutiger Sicht ist es mir zu &#8222;pathetisch&#8220;, was damals durchaus passend war, da es eher ein &#8222;energetische Kick&#8220; f\u00fcr den Leser sein sollte.<\/p>\n\n\n\n<p class=\"wp-block-paragraph\">Das ist bei mir schon wieder &#8222;durch&#8220;, ging weiter, ich folge einfach diesem &#8222;Ruf&#8220; der &#8222;Mumie&#8220;. Und mich gruselt schon vor der sozialen Reaktion. Andererseits: will es, kommt es. Alles ohne Eile. \ud83d\ude42<\/p>\n\n\n\n<p class=\"wp-block-paragraph\"><\/p>\n\n\n\n<p class=\"wp-block-paragraph\"><\/p>\n<div class=\"clearfix\"><span class='ldc-ul_cont' onclick=\"alter_ul_post_values(this,'4499','like')\" >gef\u00e4llt mir<img decoding=\"async\" src=\"http:\/\/ewig.es\/wordpress\/wp-content\/plugins\/like-dislike-counter-for-posts-pages-and-comments\/images\/up.png\" \/>(<span>3<\/span>)<\/span><span class='ldc-ul_cont' onclick=\"alter_ul_post_values(this,'4499','dislike')\" ><img decoding=\"async\" src=\"http:\/\/ewig.es\/wordpress\/wp-content\/plugins\/like-dislike-counter-for-posts-pages-and-comments\/images\/down.png\" \/>(<span>0<\/span>)<\/span><\/div>","protected":false},"excerpt":{"rendered":"<p>Vor vielen Jahren, zur Zeit der Maiden-Revolution in der Ukraine, hatte ich eine Diskussionsgruppe auf Facebook gegr\u00fcndet, die um das Thema Spiritualit\u00e4t und Politik kreiste. Die Diskussion wurde mit den Fl\u00fcchtlingsstr\u00f6men aus Syrien so unertr\u00e4glich f\u00fcr mich, dass ich ausstieg. Danach diskutierte ich mehr das Thema Klimaerw\u00e4rmung, aber das f\u00fchrte auch nur dazu, dass ich &hellip; <a href=\"http:\/\/ewig.es\/index.php\/2022\/07\/28\/politik-und-spiritualitaet\/\" class=\"more-link\"><span class=\"screen-reader-text\">\u201ePolitik und Spiritualit\u00e4t\u201c<\/span> weiterlesen<\/a><\/p>\n","protected":false},"author":1,"featured_media":0,"comment_status":"open","ping_status":"closed","sticky":false,"template":"","format":"standard","meta":{"footnotes":""},"categories":[1],"tags":[],"class_list":["post-4499","post","type-post","status-publish","format-standard","hentry","category-tagebuch"],"_links":{"self":[{"href":"http:\/\/ewig.es\/index.php\/wp-json\/wp\/v2\/posts\/4499","targetHints":{"allow":["GET"]}}],"collection":[{"href":"http:\/\/ewig.es\/index.php\/wp-json\/wp\/v2\/posts"}],"about":[{"href":"http:\/\/ewig.es\/index.php\/wp-json\/wp\/v2\/types\/post"}],"author":[{"embeddable":true,"href":"http:\/\/ewig.es\/index.php\/wp-json\/wp\/v2\/users\/1"}],"replies":[{"embeddable":true,"href":"http:\/\/ewig.es\/index.php\/wp-json\/wp\/v2\/comments?post=4499"}],"version-history":[{"count":8,"href":"http:\/\/ewig.es\/index.php\/wp-json\/wp\/v2\/posts\/4499\/revisions"}],"predecessor-version":[{"id":4509,"href":"http:\/\/ewig.es\/index.php\/wp-json\/wp\/v2\/posts\/4499\/revisions\/4509"}],"wp:attachment":[{"href":"http:\/\/ewig.es\/index.php\/wp-json\/wp\/v2\/media?parent=4499"}],"wp:term":[{"taxonomy":"category","embeddable":true,"href":"http:\/\/ewig.es\/index.php\/wp-json\/wp\/v2\/categories?post=4499"},{"taxonomy":"post_tag","embeddable":true,"href":"http:\/\/ewig.es\/index.php\/wp-json\/wp\/v2\/tags?post=4499"}],"curies":[{"name":"wp","href":"https:\/\/api.w.org\/{rel}","templated":true}]}}