{"id":4539,"date":"2022-08-03T19:36:04","date_gmt":"2022-08-03T17:36:04","guid":{"rendered":"http:\/\/ewig.es\/?p=4539"},"modified":"2022-08-04T21:53:05","modified_gmt":"2022-08-04T19:53:05","slug":"3-8-22","status":"publish","type":"post","link":"http:\/\/ewig.es\/index.php\/2022\/08\/03\/3-8-22\/","title":{"rendered":"3.8.22"},"content":{"rendered":"\n<p class=\"wp-block-paragraph\">Heute hat es 35\u00b0 C. <\/p>\n\n\n\n<p class=\"wp-block-paragraph\">Und als die Temperatur ganz oben war, hatte ich Lust, mit dem Fahrrad  Brombeeren sammeln zu gehen. An der Stelle am Teich weideten die K\u00fche, so suchte ich eine andere Hecke, Richtung Charmes.<\/p>\n\n\n\n<p class=\"wp-block-paragraph\">Es war zwar hei\u00df in der prallen Sonne, jedoch kam einiges zusammen, sodass ich Brombeermarmelade herstellen will. Eine der wenigen Marmeladen, die mir schmeckt. <\/p>\n\n\n\n<p class=\"wp-block-paragraph\">Morgen werde ich erst einmal Gelierzucker und Zitronen besorgen, gleich am Morgen, denn es soll 36\u00b0 C warm werden. <\/p>\n\n\n\n<p class=\"wp-block-paragraph\">Und da es absehbar nicht viel k\u00fchler wird, nur kurz runter auf 30\u00b0 C, habe ich vor, das Wetter zu ignorieren und wieder mehr mit dem Rad unterwegs zu sein.<\/p>\n\n\n\n<p class=\"wp-block-paragraph\">Den Beitrag von gestern habe ich wieder herausgenommen, da ich vorerst weniger zum Thema Politik schreiben will. <\/p>\n\n\n\n<p class=\"wp-block-paragraph\">Ich fand gestern eine riesige Brennnesselwiese an der Perte de la Rigotte. Und die Brennnesselpulverproduktion l\u00e4uft so nebenher. 5 Liter habe ich bereits zusammen. 5 Liter stehen noch aus. <\/p>\n\n\n\n<p class=\"wp-block-paragraph\">Am Morgen besuchte ich meine Mutter, traf unterwegs meinen Holzh\u00e4ndler. Ich hatte im Fr\u00fchling 6 Ster Holz bestellt. Die nehme ich ihm auch ab. 42 Euro kostet nun der Ster, auf 25 cm ges\u00e4gt und ans Haus geliefert.<\/p>\n\n\n\n<p class=\"wp-block-paragraph\">Die lagere ich noch unabh\u00e4ngig meiner eigenen Sammelk\u00fcnste ein. Im September bringt er es vorbei. Die reichen mir f\u00fcr ein Jahr und werden eine unabh\u00e4ngige &#8222;Notreserve&#8220;, f\u00fcr die ich noch Platz in der Scheune schaffen muss. Es wird allm\u00e4hlich eng, da ich auch die Dielen eingelagert habe.<\/p>\n\n\n\n<p class=\"wp-block-paragraph\"> <\/p>\n\n\n\n<p class=\"wp-block-paragraph\"><\/p>\n\n\n\n<p class=\"wp-block-paragraph\"><\/p>\n\n\n\n<p class=\"wp-block-paragraph\"><\/p>\n<div class=\"clearfix\"><span class='ldc-ul_cont' onclick=\"alter_ul_post_values(this,'4539','like')\" >gef\u00e4llt mir<img decoding=\"async\" src=\"http:\/\/ewig.es\/wordpress\/wp-content\/plugins\/like-dislike-counter-for-posts-pages-and-comments\/images\/up.png\" \/>(<span>4<\/span>)<\/span><span class='ldc-ul_cont' onclick=\"alter_ul_post_values(this,'4539','dislike')\" ><img decoding=\"async\" src=\"http:\/\/ewig.es\/wordpress\/wp-content\/plugins\/like-dislike-counter-for-posts-pages-and-comments\/images\/down.png\" \/>(<span>0<\/span>)<\/span><\/div>","protected":false},"excerpt":{"rendered":"<p>Heute hat es 35\u00b0 C. Und als die Temperatur ganz oben war, hatte ich Lust, mit dem Fahrrad Brombeeren sammeln zu gehen. An der Stelle am Teich weideten die K\u00fche, so suchte ich eine andere Hecke, Richtung Charmes. Es war zwar hei\u00df in der prallen Sonne, jedoch kam einiges zusammen, sodass ich Brombeermarmelade herstellen will. &hellip; <a href=\"http:\/\/ewig.es\/index.php\/2022\/08\/03\/3-8-22\/\" class=\"more-link\"><span class=\"screen-reader-text\">\u201e3.8.22\u201c<\/span> weiterlesen<\/a><\/p>\n","protected":false},"author":1,"featured_media":0,"comment_status":"open","ping_status":"closed","sticky":false,"template":"","format":"standard","meta":{"footnotes":""},"categories":[1],"tags":[],"class_list":["post-4539","post","type-post","status-publish","format-standard","hentry","category-tagebuch"],"_links":{"self":[{"href":"http:\/\/ewig.es\/index.php\/wp-json\/wp\/v2\/posts\/4539","targetHints":{"allow":["GET"]}}],"collection":[{"href":"http:\/\/ewig.es\/index.php\/wp-json\/wp\/v2\/posts"}],"about":[{"href":"http:\/\/ewig.es\/index.php\/wp-json\/wp\/v2\/types\/post"}],"author":[{"embeddable":true,"href":"http:\/\/ewig.es\/index.php\/wp-json\/wp\/v2\/users\/1"}],"replies":[{"embeddable":true,"href":"http:\/\/ewig.es\/index.php\/wp-json\/wp\/v2\/comments?post=4539"}],"version-history":[{"count":2,"href":"http:\/\/ewig.es\/index.php\/wp-json\/wp\/v2\/posts\/4539\/revisions"}],"predecessor-version":[{"id":4543,"href":"http:\/\/ewig.es\/index.php\/wp-json\/wp\/v2\/posts\/4539\/revisions\/4543"}],"wp:attachment":[{"href":"http:\/\/ewig.es\/index.php\/wp-json\/wp\/v2\/media?parent=4539"}],"wp:term":[{"taxonomy":"category","embeddable":true,"href":"http:\/\/ewig.es\/index.php\/wp-json\/wp\/v2\/categories?post=4539"},{"taxonomy":"post_tag","embeddable":true,"href":"http:\/\/ewig.es\/index.php\/wp-json\/wp\/v2\/tags?post=4539"}],"curies":[{"name":"wp","href":"https:\/\/api.w.org\/{rel}","templated":true}]}}