{"id":4541,"date":"2022-08-04T21:12:07","date_gmt":"2022-08-04T19:12:07","guid":{"rendered":"http:\/\/ewig.es\/?p=4541"},"modified":"2022-08-04T21:12:07","modified_gmt":"2022-08-04T19:12:07","slug":"4-8-22","status":"publish","type":"post","link":"http:\/\/ewig.es\/index.php\/2022\/08\/04\/4-8-22\/","title":{"rendered":"4.8.22"},"content":{"rendered":"\n<p class=\"wp-block-paragraph\">Um 3 Uhr wachte ich auf, hatte keine Lust mehr, zu schlafen und rieb Brennnesseln. Danach presste und filterte ich das Rot\u00f6l und f\u00fcllte 6 0,33l-Flaschen. Es war inzwischen Morgen. Die H\u00fchner wollten raus.<\/p>\n\n\n\n<p class=\"wp-block-paragraph\">Ich schaute eine sch\u00f6ne Serie \u00fcber die norditalienischen Seen auf Arte, kochte Nudeln mit Karotten und putzte ein wenig.  <\/p>\n\n\n\n<p class=\"wp-block-paragraph\">Mein Bruder ma\u00df heute in der N\u00e4he mit einer geeichten Wetterstation 39\u00b0 C. <\/p>\n\n\n\n<p class=\"wp-block-paragraph\">Am Nachmittag kam meine Schwester auf Besuch nach Pressigny, so radelte ich den Berg hoch, um Guten Tag zu sagen.<\/p>\n\n\n\n<p class=\"wp-block-paragraph\">Die Luft war wie eine Wand. Und die Ger\u00fcche in der Hitze ungekannt intensiv. Erst kam ich durchs Dorf. Und alle schauten, weil ich mit dem Rad unterwegs war. Ein Wahnsinniger. \ud83d\ude42<\/p>\n\n\n\n<p class=\"wp-block-paragraph\">Am Teich empfing mich eine Wand aus Modergeruch, als w\u00e4re der Geruch ein physischer Widerstand. Und die V\u00f6gel standen im warmen Schlamm.<\/p>\n\n\n\n<p class=\"wp-block-paragraph\">Dann kam ein Feld, frisch mit G\u00fclle gew\u00fcrzt, ein Geruch, als m\u00fcsste ich durch die G\u00fclle tauchen.<\/p>\n\n\n\n<p class=\"wp-block-paragraph\">Und oben im Wald hat es ein paar Nadelb\u00e4ume. Es roch als w\u00fcrden sie \u00e4therische \u00d6le verspr\u00fchen. Alle Ger\u00fcche so intensiv.<\/p>\n\n\n\n<p class=\"wp-block-paragraph\">Und die K\u00fcken rannten den ganzen Tag im Garten herum, w\u00e4hrend die Henne hechelte. Jedes Insekt im Wald war heute bissig, aber es geht nur bergauf, sodass ich nicht schnell genug fl\u00fcchten konnte und ihr Opfer wurde.<\/p>\n\n\n\n<p class=\"wp-block-paragraph\">Es muss der Schwei\u00df in Str\u00f6men flie\u00dfen, dann geht es. Aber es braucht viel Wasser f\u00fcr die Klimaanlage. <\/p>\n<div class=\"clearfix\"><span class='ldc-ul_cont' onclick=\"alter_ul_post_values(this,'4541','like')\" >gef\u00e4llt mir<img decoding=\"async\" src=\"http:\/\/ewig.es\/wordpress\/wp-content\/plugins\/like-dislike-counter-for-posts-pages-and-comments\/images\/up.png\" \/>(<span>3<\/span>)<\/span><span class='ldc-ul_cont' onclick=\"alter_ul_post_values(this,'4541','dislike')\" ><img decoding=\"async\" src=\"http:\/\/ewig.es\/wordpress\/wp-content\/plugins\/like-dislike-counter-for-posts-pages-and-comments\/images\/down.png\" \/>(<span>0<\/span>)<\/span><\/div>","protected":false},"excerpt":{"rendered":"<p>Um 3 Uhr wachte ich auf, hatte keine Lust mehr, zu schlafen und rieb Brennnesseln. Danach presste und filterte ich das Rot\u00f6l und f\u00fcllte 6 0,33l-Flaschen. Es war inzwischen Morgen. Die H\u00fchner wollten raus. Ich schaute eine sch\u00f6ne Serie \u00fcber die norditalienischen Seen auf Arte, kochte Nudeln mit Karotten und putzte ein wenig. Mein Bruder &hellip; <a href=\"http:\/\/ewig.es\/index.php\/2022\/08\/04\/4-8-22\/\" class=\"more-link\"><span class=\"screen-reader-text\">\u201e4.8.22\u201c<\/span> weiterlesen<\/a><\/p>\n","protected":false},"author":1,"featured_media":0,"comment_status":"open","ping_status":"closed","sticky":false,"template":"","format":"standard","meta":{"footnotes":""},"categories":[1],"tags":[],"class_list":["post-4541","post","type-post","status-publish","format-standard","hentry","category-tagebuch"],"_links":{"self":[{"href":"http:\/\/ewig.es\/index.php\/wp-json\/wp\/v2\/posts\/4541","targetHints":{"allow":["GET"]}}],"collection":[{"href":"http:\/\/ewig.es\/index.php\/wp-json\/wp\/v2\/posts"}],"about":[{"href":"http:\/\/ewig.es\/index.php\/wp-json\/wp\/v2\/types\/post"}],"author":[{"embeddable":true,"href":"http:\/\/ewig.es\/index.php\/wp-json\/wp\/v2\/users\/1"}],"replies":[{"embeddable":true,"href":"http:\/\/ewig.es\/index.php\/wp-json\/wp\/v2\/comments?post=4541"}],"version-history":[{"count":1,"href":"http:\/\/ewig.es\/index.php\/wp-json\/wp\/v2\/posts\/4541\/revisions"}],"predecessor-version":[{"id":4542,"href":"http:\/\/ewig.es\/index.php\/wp-json\/wp\/v2\/posts\/4541\/revisions\/4542"}],"wp:attachment":[{"href":"http:\/\/ewig.es\/index.php\/wp-json\/wp\/v2\/media?parent=4541"}],"wp:term":[{"taxonomy":"category","embeddable":true,"href":"http:\/\/ewig.es\/index.php\/wp-json\/wp\/v2\/categories?post=4541"},{"taxonomy":"post_tag","embeddable":true,"href":"http:\/\/ewig.es\/index.php\/wp-json\/wp\/v2\/tags?post=4541"}],"curies":[{"name":"wp","href":"https:\/\/api.w.org\/{rel}","templated":true}]}}