{"id":4546,"date":"2022-08-05T09:14:49","date_gmt":"2022-08-05T07:14:49","guid":{"rendered":"http:\/\/ewig.es\/?p=4546"},"modified":"2022-08-05T21:22:59","modified_gmt":"2022-08-05T19:22:59","slug":"gestern-hatte-ich-eine-diskussion","status":"publish","type":"post","link":"http:\/\/ewig.es\/index.php\/2022\/08\/05\/gestern-hatte-ich-eine-diskussion\/","title":{"rendered":"Gestern hatte ich eine Diskussion,"},"content":{"rendered":"\n<p class=\"wp-block-paragraph\">in der es hie\u00df, Deutschland h\u00e4tte ja nur zu 2 % Anteil an der Klimaerw\u00e4rmung. Und, zudem, wir m\u00fcssten uns einfach nur an die Klimaerw\u00e4rmung anpassen. Andere L\u00e4nder m\u00fcssten schon lange mit solchen Temperaturen leben.<\/p>\n\n\n\n<p class=\"wp-block-paragraph\">Zwei Stunden zuvor schaute ich mir eine Reportage eines indischen Senders an, in der indische Bauern \u00fcber ihre Probleme im Umgang mit der Klimaerw\u00e4rmung berichteten: Ernteausf\u00e4lle, ein rapide sinkender Grundwasserspiegel, kein Geld, um die Brunnen tiefer zu schlagen oder Verschuldung. Geld aufgenommen f\u00fcr eine neue Brunnenbohrung, trotzdem war die Ernte so gering, dass sie nur f\u00fcr die Familie reichte, aus Verzweiflung Selbstmord.<\/p>\n\n\n\n<p class=\"wp-block-paragraph\">Ich pers\u00f6nlich, so ganz &#8222;Tobi&#8220;, liebe Wetter wie derzeit. Was habe ich letzten Sommer geflucht, als ich im August zwei Wochen heizen musste? Und das, wo ich im Winter eh nur friere.<\/p>\n\n\n\n<p class=\"wp-block-paragraph\">Aber wie ich mit Landwirten oder F\u00f6rstern spreche, oder Berichte rund um den Globus anschaue, wo dieselben zu Worte kommen: Alle berichten dasselbe, dass sich die letzten Jahre das Klima extrem ver\u00e4ndert. Ob der Forstwirt, dem den Wald verdorrt, der Olivenbauer, dessen B\u00e4ume kaum noch Fr\u00fcchte tragen wollen. Die Menschen, die direkt mit der Natur beruflich zu tun haben, fast alle sind am Kotzen.<\/p>\n\n\n\n<p class=\"wp-block-paragraph\">Und wie war das Fazit eines indischen Bauern: F\u00fcr uns wird die Ernte wohl noch reichen, aber was sollen die machen, die in den St\u00e4dten leben?<\/p>\n\n\n\n<p class=\"wp-block-paragraph\">Also die, die meinen, wir m\u00fcssten uns einfach nur anpassen. Und die, die das tun sollen, sind mal wieder &#8222;die anderen&#8220;. Und auch die, die mit ihrem Latein vielfach am Ende sind.<\/p>\n\n\n\n<p class=\"wp-block-paragraph\">Ich sage nur eines: Kollaps.<\/p>\n\n\n\n<p class=\"wp-block-paragraph\">Der ist kein Zwang, sondern gerade der Ausdruck mangelhafter Anpassungsf\u00e4higkeit.<\/p>\n\n\n\n<p class=\"wp-block-paragraph\">Weiter wie bisher, &#8222;der Staat&#8220; wird es schon richten. Und kann er es nicht mehr, w\u00e4hlen wir noch gr\u00f6\u00dfere Deppen. Eine bewundernswerte Strategie der Anpassung.<\/p>\n<div class=\"clearfix\"><span class='ldc-ul_cont' onclick=\"alter_ul_post_values(this,'4546','like')\" >gef\u00e4llt mir<img decoding=\"async\" src=\"http:\/\/ewig.es\/wordpress\/wp-content\/plugins\/like-dislike-counter-for-posts-pages-and-comments\/images\/up.png\" \/>(<span>5<\/span>)<\/span><span class='ldc-ul_cont' onclick=\"alter_ul_post_values(this,'4546','dislike')\" ><img decoding=\"async\" src=\"http:\/\/ewig.es\/wordpress\/wp-content\/plugins\/like-dislike-counter-for-posts-pages-and-comments\/images\/down.png\" \/>(<span>0<\/span>)<\/span><\/div>","protected":false},"excerpt":{"rendered":"<p>in der es hie\u00df, Deutschland h\u00e4tte ja nur zu 2 % Anteil an der Klimaerw\u00e4rmung. Und, zudem, wir m\u00fcssten uns einfach nur an die Klimaerw\u00e4rmung anpassen. Andere L\u00e4nder m\u00fcssten schon lange mit solchen Temperaturen leben. Zwei Stunden zuvor schaute ich mir eine Reportage eines indischen Senders an, in der indische Bauern \u00fcber ihre Probleme im &hellip; <a href=\"http:\/\/ewig.es\/index.php\/2022\/08\/05\/gestern-hatte-ich-eine-diskussion\/\" class=\"more-link\"><span class=\"screen-reader-text\">\u201eGestern hatte ich eine Diskussion,\u201c<\/span> weiterlesen<\/a><\/p>\n","protected":false},"author":1,"featured_media":0,"comment_status":"open","ping_status":"closed","sticky":false,"template":"","format":"standard","meta":{"footnotes":""},"categories":[1],"tags":[],"class_list":["post-4546","post","type-post","status-publish","format-standard","hentry","category-tagebuch"],"_links":{"self":[{"href":"http:\/\/ewig.es\/index.php\/wp-json\/wp\/v2\/posts\/4546","targetHints":{"allow":["GET"]}}],"collection":[{"href":"http:\/\/ewig.es\/index.php\/wp-json\/wp\/v2\/posts"}],"about":[{"href":"http:\/\/ewig.es\/index.php\/wp-json\/wp\/v2\/types\/post"}],"author":[{"embeddable":true,"href":"http:\/\/ewig.es\/index.php\/wp-json\/wp\/v2\/users\/1"}],"replies":[{"embeddable":true,"href":"http:\/\/ewig.es\/index.php\/wp-json\/wp\/v2\/comments?post=4546"}],"version-history":[{"count":3,"href":"http:\/\/ewig.es\/index.php\/wp-json\/wp\/v2\/posts\/4546\/revisions"}],"predecessor-version":[{"id":4557,"href":"http:\/\/ewig.es\/index.php\/wp-json\/wp\/v2\/posts\/4546\/revisions\/4557"}],"wp:attachment":[{"href":"http:\/\/ewig.es\/index.php\/wp-json\/wp\/v2\/media?parent=4546"}],"wp:term":[{"taxonomy":"category","embeddable":true,"href":"http:\/\/ewig.es\/index.php\/wp-json\/wp\/v2\/categories?post=4546"},{"taxonomy":"post_tag","embeddable":true,"href":"http:\/\/ewig.es\/index.php\/wp-json\/wp\/v2\/tags?post=4546"}],"curies":[{"name":"wp","href":"https:\/\/api.w.org\/{rel}","templated":true}]}}