{"id":4549,"date":"2022-08-05T10:07:48","date_gmt":"2022-08-05T08:07:48","guid":{"rendered":"http:\/\/ewig.es\/?p=4549"},"modified":"2022-08-05T10:10:00","modified_gmt":"2022-08-05T08:10:00","slug":"5-8-22","status":"publish","type":"post","link":"http:\/\/ewig.es\/index.php\/2022\/08\/05\/5-8-22\/","title":{"rendered":"5.8.22"},"content":{"rendered":"\n<p class=\"wp-block-paragraph\">Ich fiel in einen traumlosen Schlaf und wachte erst im Morgengrauen wieder auf.<\/p>\n\n\n\n<p class=\"wp-block-paragraph\">Ansonsten verarbeitet sich in mir im Traum viel unbedeutender Mist, aber manchmal stellt mir das Unterbewusstsein auch Fragen: Ich sa\u00df \u00fcber einer Landkarte und sollte das Grundst\u00fcck Ramanas finden.<\/p>\n\n\n\n<p class=\"wp-block-paragraph\">Die Antwort ist einfach, so sprachlich unkorrekt die Frage formuliert war:<\/p>\n\n\n\n<p class=\"wp-block-paragraph\">Es ist nicht: &#8222;ich denke&#8220; oder &#8222;ich denke nicht&#8220;. Es ist nicht &#8222;ich spreche&#8220; oder &#8222;ich spreche nicht&#8220;. Es ist nicht &#8222;ich kann&#8220; oder &#8222;ich kann nicht.&#8220; Es ist nicht &#8222;ich bin&#8220; oder &#8222;ich bin nicht.&#8220;<\/p>\n\n\n\n<p class=\"wp-block-paragraph\">Und wer es betritt, betritt den &#8222;Heiligen Hain&#8220;:<\/p>\n\n\n\n<p class=\"wp-block-paragraph\">Er ist kein Grundst\u00fcck, noch ist er es nicht.<\/p>\n<div class=\"clearfix\"><span class='ldc-ul_cont' onclick=\"alter_ul_post_values(this,'4549','like')\" >gef\u00e4llt mir<img decoding=\"async\" src=\"http:\/\/ewig.es\/wordpress\/wp-content\/plugins\/like-dislike-counter-for-posts-pages-and-comments\/images\/up.png\" \/>(<span>4<\/span>)<\/span><span class='ldc-ul_cont' onclick=\"alter_ul_post_values(this,'4549','dislike')\" ><img decoding=\"async\" src=\"http:\/\/ewig.es\/wordpress\/wp-content\/plugins\/like-dislike-counter-for-posts-pages-and-comments\/images\/down.png\" \/>(<span>0<\/span>)<\/span><\/div>","protected":false},"excerpt":{"rendered":"<p>Ich fiel in einen traumlosen Schlaf und wachte erst im Morgengrauen wieder auf. Ansonsten verarbeitet sich in mir im Traum viel unbedeutender Mist, aber manchmal stellt mir das Unterbewusstsein auch Fragen: Ich sa\u00df \u00fcber einer Landkarte und sollte das Grundst\u00fcck Ramanas finden. Die Antwort ist einfach, so sprachlich unkorrekt die Frage formuliert war: Es ist &hellip; <a href=\"http:\/\/ewig.es\/index.php\/2022\/08\/05\/5-8-22\/\" class=\"more-link\"><span class=\"screen-reader-text\">\u201e5.8.22\u201c<\/span> weiterlesen<\/a><\/p>\n","protected":false},"author":1,"featured_media":0,"comment_status":"open","ping_status":"closed","sticky":false,"template":"","format":"standard","meta":{"footnotes":""},"categories":[1],"tags":[],"class_list":["post-4549","post","type-post","status-publish","format-standard","hentry","category-tagebuch"],"_links":{"self":[{"href":"http:\/\/ewig.es\/index.php\/wp-json\/wp\/v2\/posts\/4549","targetHints":{"allow":["GET"]}}],"collection":[{"href":"http:\/\/ewig.es\/index.php\/wp-json\/wp\/v2\/posts"}],"about":[{"href":"http:\/\/ewig.es\/index.php\/wp-json\/wp\/v2\/types\/post"}],"author":[{"embeddable":true,"href":"http:\/\/ewig.es\/index.php\/wp-json\/wp\/v2\/users\/1"}],"replies":[{"embeddable":true,"href":"http:\/\/ewig.es\/index.php\/wp-json\/wp\/v2\/comments?post=4549"}],"version-history":[{"count":2,"href":"http:\/\/ewig.es\/index.php\/wp-json\/wp\/v2\/posts\/4549\/revisions"}],"predecessor-version":[{"id":4551,"href":"http:\/\/ewig.es\/index.php\/wp-json\/wp\/v2\/posts\/4549\/revisions\/4551"}],"wp:attachment":[{"href":"http:\/\/ewig.es\/index.php\/wp-json\/wp\/v2\/media?parent=4549"}],"wp:term":[{"taxonomy":"category","embeddable":true,"href":"http:\/\/ewig.es\/index.php\/wp-json\/wp\/v2\/categories?post=4549"},{"taxonomy":"post_tag","embeddable":true,"href":"http:\/\/ewig.es\/index.php\/wp-json\/wp\/v2\/tags?post=4549"}],"curies":[{"name":"wp","href":"https:\/\/api.w.org\/{rel}","templated":true}]}}