{"id":4552,"date":"2022-08-05T21:10:33","date_gmt":"2022-08-05T19:10:33","guid":{"rendered":"http:\/\/ewig.es\/?p=4552"},"modified":"2022-08-05T21:19:30","modified_gmt":"2022-08-05T19:19:30","slug":"da-die-kueken-gerne-reis-essen","status":"publish","type":"post","link":"http:\/\/ewig.es\/index.php\/2022\/08\/05\/da-die-kueken-gerne-reis-essen\/","title":{"rendered":"Da die K\u00fcken gerne Reis essen,"},"content":{"rendered":"\n<p class=\"wp-block-paragraph\">fuhr ich heute nach Jussey zu Lidl und nahm unterwegs einen Tramper mit, der verloren in der Hitze die Stra\u00dfe entlang lief.<\/p>\n\n\n\n<p class=\"wp-block-paragraph\">Wir hatten ein nettes Gespr\u00e4ch, eigentlich f\u00e4hrt er immer mit dem Fahrrad, aber hatte eine Panne und wollte heute seine Mutter im Altersheim besuchen.<\/p>\n\n\n\n<p class=\"wp-block-paragraph\">Ein Falke wollte sich eine Meise fangen, schlug sich dann den Kopf an der Terrassent\u00fcre an, denn der Eimer mit den Sonnenblumenkernen steht direkt an der Wand. Und die H\u00fchner schauten verwundert diesem Flugman\u00f6ver zu. Und der Falke lie\u00df sich dann nicht mehr blicken.<\/p>\n\n\n\n<p class=\"wp-block-paragraph\">Dann kam der Bussard, Bobberle schrie seine Warnrufe. Ich eilte hinaus, der Bussard suchte das Weite. Dann schaute ich im Teich. Sind die Fr\u00f6sche weg, ist auch noch die Schlange unterwegs.<\/p>\n\n\n\n<p class=\"wp-block-paragraph\">Ich vermute, dass 4 K\u00fcken H\u00e4hne werden, denn sie veranstalten schon die ersten spielerischen Hahnenk\u00e4mpfe. <\/p>\n\n\n\n<p class=\"wp-block-paragraph\">Vom gro\u00df angek\u00fcndigten Regen fielen drei oder vier Tropfen. Vielleicht kommt ja noch etwas. Bisher viel Wind um nichts. Und die Kaltfront brachte heute 31\u00b0 C.  <\/p>\n\n\n\n<p class=\"wp-block-paragraph\">Die gesetzten Zwiebeln sind eingegangen, das ges\u00e4te Schnittlauch und Bohnenkraut lie\u00df sich, trotz viel gie\u00dfen, nicht blicken, ein paar Kartoffeln wachsen. Und die Tomaten im Garten wollen nicht so recht.<\/p>\n\n\n\n<p class=\"wp-block-paragraph\">Ich gie\u00dfe zwar die verbliebene Johannisbeere regelm\u00e4\u00dfig, aber trotzdem ist sie vor meinen Augen vertrocknet. <\/p>\n\n\n\n<p class=\"wp-block-paragraph\">Ein gro\u00dfer Fliegenschwarm im Holzlager deutet darauf hin, dass auch die Ratten eingegangen sind.<\/p>\n\n\n\n<p class=\"wp-block-paragraph\">Kurzum, ich w\u00e4ssere noch etwas den Teich, damit die Fr\u00f6sche nicht eintrocknen und ein paar Topfpflanzen. <\/p>\n\n\n\n<p class=\"wp-block-paragraph\">Und nun kommt die n\u00e4chste Hitzewelle, und es soll extrem trocken werden. Immer mehr Gemeinden, so sah ich in einer Reportage, haben in Frankreich nicht einmal mehr Trinkwasser.<\/p>\n<div class=\"clearfix\"><span class='ldc-ul_cont' onclick=\"alter_ul_post_values(this,'4552','like')\" >gef\u00e4llt mir<img decoding=\"async\" src=\"http:\/\/ewig.es\/wordpress\/wp-content\/plugins\/like-dislike-counter-for-posts-pages-and-comments\/images\/up.png\" \/>(<span>3<\/span>)<\/span><span class='ldc-ul_cont' onclick=\"alter_ul_post_values(this,'4552','dislike')\" ><img decoding=\"async\" src=\"http:\/\/ewig.es\/wordpress\/wp-content\/plugins\/like-dislike-counter-for-posts-pages-and-comments\/images\/down.png\" \/>(<span>0<\/span>)<\/span><\/div>","protected":false},"excerpt":{"rendered":"<p>fuhr ich heute nach Jussey zu Lidl und nahm unterwegs einen Tramper mit, der verloren in der Hitze die Stra\u00dfe entlang lief. Wir hatten ein nettes Gespr\u00e4ch, eigentlich f\u00e4hrt er immer mit dem Fahrrad, aber hatte eine Panne und wollte heute seine Mutter im Altersheim besuchen. Ein Falke wollte sich eine Meise fangen, schlug sich &hellip; <a href=\"http:\/\/ewig.es\/index.php\/2022\/08\/05\/da-die-kueken-gerne-reis-essen\/\" class=\"more-link\"><span class=\"screen-reader-text\">\u201eDa die K\u00fcken gerne Reis essen,\u201c<\/span> weiterlesen<\/a><\/p>\n","protected":false},"author":1,"featured_media":0,"comment_status":"open","ping_status":"closed","sticky":false,"template":"","format":"standard","meta":{"footnotes":""},"categories":[1],"tags":[],"class_list":["post-4552","post","type-post","status-publish","format-standard","hentry","category-tagebuch"],"_links":{"self":[{"href":"http:\/\/ewig.es\/index.php\/wp-json\/wp\/v2\/posts\/4552","targetHints":{"allow":["GET"]}}],"collection":[{"href":"http:\/\/ewig.es\/index.php\/wp-json\/wp\/v2\/posts"}],"about":[{"href":"http:\/\/ewig.es\/index.php\/wp-json\/wp\/v2\/types\/post"}],"author":[{"embeddable":true,"href":"http:\/\/ewig.es\/index.php\/wp-json\/wp\/v2\/users\/1"}],"replies":[{"embeddable":true,"href":"http:\/\/ewig.es\/index.php\/wp-json\/wp\/v2\/comments?post=4552"}],"version-history":[{"count":4,"href":"http:\/\/ewig.es\/index.php\/wp-json\/wp\/v2\/posts\/4552\/revisions"}],"predecessor-version":[{"id":4556,"href":"http:\/\/ewig.es\/index.php\/wp-json\/wp\/v2\/posts\/4552\/revisions\/4556"}],"wp:attachment":[{"href":"http:\/\/ewig.es\/index.php\/wp-json\/wp\/v2\/media?parent=4552"}],"wp:term":[{"taxonomy":"category","embeddable":true,"href":"http:\/\/ewig.es\/index.php\/wp-json\/wp\/v2\/categories?post=4552"},{"taxonomy":"post_tag","embeddable":true,"href":"http:\/\/ewig.es\/index.php\/wp-json\/wp\/v2\/tags?post=4552"}],"curies":[{"name":"wp","href":"https:\/\/api.w.org\/{rel}","templated":true}]}}