{"id":4559,"date":"2022-08-06T11:41:45","date_gmt":"2022-08-06T09:41:45","guid":{"rendered":"http:\/\/ewig.es\/?p=4559"},"modified":"2022-08-06T11:41:45","modified_gmt":"2022-08-06T09:41:45","slug":"eine-putzwut","status":"publish","type":"post","link":"http:\/\/ewig.es\/index.php\/2022\/08\/06\/eine-putzwut\/","title":{"rendered":"Eine Putzwut"},"content":{"rendered":"\n<p class=\"wp-block-paragraph\">hat mich angefallen. Und ich r\u00e4ume, was ich seit 20 Jahren nicht mehr tat, alle Schubladen aus und sortiere gerade Kleinteile. Und fluche, da ich st\u00e4ndig hin- und herrenne. Es geht mir darum, wieder einen \u00dcberblick zu haben, was ich noch verwerten kann. Und vor allem, wo was ist.<\/p>\n\n\n\n<p class=\"wp-block-paragraph\">Gestern fing ich mit den Nahrungsmitteln an, was wann abl\u00e4uft, Restbest\u00e4nde aus der Pandemie, um eine Idee zu gewinnen, wie ich alles verbrauche. Und stellte fast, dass mir und den H\u00fchnern das Futter zur Not bis in den n\u00e4chsten Fr\u00fchling reicht. <\/p>\n\n\n\n<p class=\"wp-block-paragraph\">Heute ist angenehm, aber die Wettermodelle basteln an einer endlosen Hitzewelle. Und in 10 Tagen soll es dann 37\u00b0 C haben. Wenn die so kommt, zerf\u00e4llt hier alles zu Staub. Mais und Sonnenblumen sehen, ich bin zwar nur Laie, \u00fcbel aus. Und die Bauern verf\u00fcttern bereits das Heu f\u00fcr den Winter, da die Weiden inzwischen braune Steppen sind.<\/p>\n\n\n\n<p class=\"wp-block-paragraph\">Ich traue dem Braten (im wahrsten Sinne \ud83d\ude42 ) nicht und rechne im Winter nicht nur mit einer Energiekrise, sondern auch einer Nahrungsmittelkrise. Daher will ich derzeit auch wissen, wo was ist, von Kerzen bis Streichh\u00f6lzern.<\/p>\n\n\n\n<p class=\"wp-block-paragraph\">Die einzige Gem\u00fcsepflanze, die sich bei mir als recht robust erwies, ist die Melde. Und mit der werde ich, komme ich heute noch dazu, die beiden Beete  bepflanzen, auf denen die Zwiebeln und Kr\u00e4uter eingegangen sind. Die Melde ist eine Art wilder Spinat, seit der Steinzeit als Nahrungsmittel genutzt, und, so sehe ich derzeit, sehr gen\u00fcgsam.<\/p>\n\n\n\n<p class=\"wp-block-paragraph\">Wir steuern derzeit auf eine Rekordd\u00fcrre zu. Und das in einer globalen Lage, in der wir sie wenig brauchen k\u00f6nnen. Und die Wettermodelle sehen keine durchgreifende \u00c4nderung der Gro\u00dfwetterlage bis zum Ende der Modellberechnungen. <\/p>\n\n\n\n<p class=\"wp-block-paragraph\">Daher nutze ich die Abk\u00fchlung heute und morgen, um im Haus den Besen zu schwingen, alles zu ordnen, denn ich habe im Winter keine Lust, mich um irgendetwas zu balgen, sei es Sprit, seien es Nudeln.<\/p>\n\n\n\n<p class=\"wp-block-paragraph\">Das scheint alles viel schneller zu kommen, als ich erwartete, jedoch, die Zukunft kenne ich auch nicht. Es riecht derzeit einfach ziemlich angebrannt.<\/p>\n<div class=\"clearfix\"><span class='ldc-ul_cont' onclick=\"alter_ul_post_values(this,'4559','like')\" >gef\u00e4llt mir<img decoding=\"async\" src=\"http:\/\/ewig.es\/wordpress\/wp-content\/plugins\/like-dislike-counter-for-posts-pages-and-comments\/images\/up.png\" \/>(<span>4<\/span>)<\/span><span class='ldc-ul_cont' onclick=\"alter_ul_post_values(this,'4559','dislike')\" ><img decoding=\"async\" src=\"http:\/\/ewig.es\/wordpress\/wp-content\/plugins\/like-dislike-counter-for-posts-pages-and-comments\/images\/down.png\" \/>(<span>0<\/span>)<\/span><\/div>","protected":false},"excerpt":{"rendered":"<p>hat mich angefallen. Und ich r\u00e4ume, was ich seit 20 Jahren nicht mehr tat, alle Schubladen aus und sortiere gerade Kleinteile. Und fluche, da ich st\u00e4ndig hin- und herrenne. Es geht mir darum, wieder einen \u00dcberblick zu haben, was ich noch verwerten kann. Und vor allem, wo was ist. Gestern fing ich mit den Nahrungsmitteln &hellip; <a href=\"http:\/\/ewig.es\/index.php\/2022\/08\/06\/eine-putzwut\/\" class=\"more-link\"><span class=\"screen-reader-text\">\u201eEine Putzwut\u201c<\/span> weiterlesen<\/a><\/p>\n","protected":false},"author":1,"featured_media":0,"comment_status":"open","ping_status":"closed","sticky":false,"template":"","format":"standard","meta":{"footnotes":""},"categories":[1],"tags":[],"class_list":["post-4559","post","type-post","status-publish","format-standard","hentry","category-tagebuch"],"_links":{"self":[{"href":"http:\/\/ewig.es\/index.php\/wp-json\/wp\/v2\/posts\/4559","targetHints":{"allow":["GET"]}}],"collection":[{"href":"http:\/\/ewig.es\/index.php\/wp-json\/wp\/v2\/posts"}],"about":[{"href":"http:\/\/ewig.es\/index.php\/wp-json\/wp\/v2\/types\/post"}],"author":[{"embeddable":true,"href":"http:\/\/ewig.es\/index.php\/wp-json\/wp\/v2\/users\/1"}],"replies":[{"embeddable":true,"href":"http:\/\/ewig.es\/index.php\/wp-json\/wp\/v2\/comments?post=4559"}],"version-history":[{"count":1,"href":"http:\/\/ewig.es\/index.php\/wp-json\/wp\/v2\/posts\/4559\/revisions"}],"predecessor-version":[{"id":4560,"href":"http:\/\/ewig.es\/index.php\/wp-json\/wp\/v2\/posts\/4559\/revisions\/4560"}],"wp:attachment":[{"href":"http:\/\/ewig.es\/index.php\/wp-json\/wp\/v2\/media?parent=4559"}],"wp:term":[{"taxonomy":"category","embeddable":true,"href":"http:\/\/ewig.es\/index.php\/wp-json\/wp\/v2\/categories?post=4559"},{"taxonomy":"post_tag","embeddable":true,"href":"http:\/\/ewig.es\/index.php\/wp-json\/wp\/v2\/tags?post=4559"}],"curies":[{"name":"wp","href":"https:\/\/api.w.org\/{rel}","templated":true}]}}