{"id":4572,"date":"2022-08-08T19:49:20","date_gmt":"2022-08-08T17:49:20","guid":{"rendered":"http:\/\/ewig.es\/?p=4572"},"modified":"2022-08-08T19:49:20","modified_gmt":"2022-08-08T17:49:20","slug":"noch-mindestens-eine-woche","status":"publish","type":"post","link":"http:\/\/ewig.es\/index.php\/2022\/08\/08\/noch-mindestens-eine-woche\/","title":{"rendered":"Noch mindestens eine Woche"},"content":{"rendered":"\n<p class=\"wp-block-paragraph\">soll es \u00fcber 30\u00b0C haben, dazu weht bei mir ein trockener und b\u00f6iger Nord-Ost, der zus\u00e4tzlich alles austrocknet, selbst die Trinkn\u00e4pfe f\u00fcr die V\u00f6gel.<\/p>\n\n\n\n<p class=\"wp-block-paragraph\">F\u00fcr den gr\u00f6\u00dften Teil Frankreichs ist inzwischen die h\u00f6chste Alarmstufe im Thema Trockenheit ausgerufen worden: &#8222;Krise&#8220;. Bei uns noch die Stufe eins darunter: &#8222;Alerte reforc\u00e9e&#8220;.<\/p>\n\n\n\n<p class=\"wp-block-paragraph\">Nach den derzeitigen Wettermodellen gibt es vorerst keine durchgreifende \u00c4nderung. Und den experimentellen Langfristprognosen nach auch keine \u00c4nderung bis Mitte November. Das w\u00e4re eine Art &#8222;Gau&#8220;. Die Wetterlage ist (abgesehen von leichten Schwankungen) derzeit wie festgenagelt.<\/p>\n\n\n\n<p class=\"wp-block-paragraph\">Gestern hatte ich die Melden gepflanzt und ausgiebig gegossen. Ich habe zum Gl\u00fcck den Brunnen, der fr\u00fcher die H\u00e4user in der Stra\u00dfe mit Trinkwasser versorgte. Aber das Wasser ist schon wieder verdunstet, und die Melden lassen die Bl\u00e4tter h\u00e4ngen.<\/p>\n\n\n\n<p class=\"wp-block-paragraph\">Die K\u00fcken sind munter. Auch Bobberle waltet seines Amtes und sucht f\u00fcr sie K\u00e4fer.<\/p>\n\n\n\n<p class=\"wp-block-paragraph\">Ab 20 Uhr darf ich wieder gie\u00dfen.<\/p>\n\n\n\n<p class=\"wp-block-paragraph\">Ansonsten gem\u00fctlich. Mit den Brennnesseln bin ich fertig, alle gerieben, in Gl\u00e4ser abgef\u00fcllt und dunkel und &#8222;k\u00fchl&#8220; gelagert. <\/p>\n\n\n\n<p class=\"wp-block-paragraph\">Mal sehen, wie es weitergeht. In weiten Teilen Frankreichs ist das bereits, ohne was noch kommen mag, die extremste D\u00fcrre seit Beginn der Wetteraufzeichnungen. <\/p>\n<div class=\"clearfix\"><span class='ldc-ul_cont' onclick=\"alter_ul_post_values(this,'4572','like')\" >gef\u00e4llt mir<img decoding=\"async\" src=\"http:\/\/ewig.es\/wordpress\/wp-content\/plugins\/like-dislike-counter-for-posts-pages-and-comments\/images\/up.png\" \/>(<span>4<\/span>)<\/span><span class='ldc-ul_cont' onclick=\"alter_ul_post_values(this,'4572','dislike')\" ><img decoding=\"async\" src=\"http:\/\/ewig.es\/wordpress\/wp-content\/plugins\/like-dislike-counter-for-posts-pages-and-comments\/images\/down.png\" \/>(<span>0<\/span>)<\/span><\/div>","protected":false},"excerpt":{"rendered":"<p>soll es \u00fcber 30\u00b0C haben, dazu weht bei mir ein trockener und b\u00f6iger Nord-Ost, der zus\u00e4tzlich alles austrocknet, selbst die Trinkn\u00e4pfe f\u00fcr die V\u00f6gel. F\u00fcr den gr\u00f6\u00dften Teil Frankreichs ist inzwischen die h\u00f6chste Alarmstufe im Thema Trockenheit ausgerufen worden: &#8222;Krise&#8220;. Bei uns noch die Stufe eins darunter: &#8222;Alerte reforc\u00e9e&#8220;. Nach den derzeitigen Wettermodellen gibt es &hellip; <a href=\"http:\/\/ewig.es\/index.php\/2022\/08\/08\/noch-mindestens-eine-woche\/\" class=\"more-link\"><span class=\"screen-reader-text\">\u201eNoch mindestens eine Woche\u201c<\/span> weiterlesen<\/a><\/p>\n","protected":false},"author":1,"featured_media":0,"comment_status":"open","ping_status":"closed","sticky":false,"template":"","format":"standard","meta":{"footnotes":""},"categories":[1],"tags":[],"class_list":["post-4572","post","type-post","status-publish","format-standard","hentry","category-tagebuch"],"_links":{"self":[{"href":"http:\/\/ewig.es\/index.php\/wp-json\/wp\/v2\/posts\/4572","targetHints":{"allow":["GET"]}}],"collection":[{"href":"http:\/\/ewig.es\/index.php\/wp-json\/wp\/v2\/posts"}],"about":[{"href":"http:\/\/ewig.es\/index.php\/wp-json\/wp\/v2\/types\/post"}],"author":[{"embeddable":true,"href":"http:\/\/ewig.es\/index.php\/wp-json\/wp\/v2\/users\/1"}],"replies":[{"embeddable":true,"href":"http:\/\/ewig.es\/index.php\/wp-json\/wp\/v2\/comments?post=4572"}],"version-history":[{"count":1,"href":"http:\/\/ewig.es\/index.php\/wp-json\/wp\/v2\/posts\/4572\/revisions"}],"predecessor-version":[{"id":4573,"href":"http:\/\/ewig.es\/index.php\/wp-json\/wp\/v2\/posts\/4572\/revisions\/4573"}],"wp:attachment":[{"href":"http:\/\/ewig.es\/index.php\/wp-json\/wp\/v2\/media?parent=4572"}],"wp:term":[{"taxonomy":"category","embeddable":true,"href":"http:\/\/ewig.es\/index.php\/wp-json\/wp\/v2\/categories?post=4572"},{"taxonomy":"post_tag","embeddable":true,"href":"http:\/\/ewig.es\/index.php\/wp-json\/wp\/v2\/tags?post=4572"}],"curies":[{"name":"wp","href":"https:\/\/api.w.org\/{rel}","templated":true}]}}