{"id":4585,"date":"2022-08-11T13:40:09","date_gmt":"2022-08-11T11:40:09","guid":{"rendered":"http:\/\/ewig.es\/?p=4585"},"modified":"2022-08-11T13:40:09","modified_gmt":"2022-08-11T11:40:09","slug":"heute-radelte-ich","status":"publish","type":"post","link":"http:\/\/ewig.es\/index.php\/2022\/08\/11\/heute-radelte-ich\/","title":{"rendered":"Heute radelte ich"},"content":{"rendered":"\n<p class=\"wp-block-paragraph\">nach Combeaufontaine, nur auf ganz kleinen Stra\u00dfen durch Wald und Wiesen \u00fcber die D\u00f6rfer im Hinterland. Durch die trockene Luft ist es morgens eine Freude zu radeln. Erst gegen Mittag steigt das Themometer auf 30\u00b0 C.<\/p>\n\n\n\n<p class=\"wp-block-paragraph\">Ich traf Colette. Und sie hat eine erstaunliche Tomatenpflanze, die von selber keimte, mit tausenden von Bl\u00fcten und winzigen Fr\u00fcchten. Davon habe ich mir bei ihr Samen bestellt. Auch unser Bauer hier staunte, noch nie gesehen. Sie sieht eher wie ein Bl\u00fctenpolster aus.<\/p>\n\n\n\n<p class=\"wp-block-paragraph\">Ich machte Reis, aber die Henne war nicht zufrieden, klopfte energisch gegen das Fenster und rief: Wo bleibt der Nachtisch, die Trauben?<\/p>\n\n\n\n<p class=\"wp-block-paragraph\">Eines der hellen K\u00fcken ist besonders zutraulich. Das bekommt die meisten Trauben ab, da es sie mir gerne aus der Hand frisst, w\u00e4hrend die anderen scheuer sind. <\/p>\n<div class=\"clearfix\"><span class='ldc-ul_cont' onclick=\"alter_ul_post_values(this,'4585','like')\" >gef\u00e4llt mir<img decoding=\"async\" src=\"http:\/\/ewig.es\/wordpress\/wp-content\/plugins\/like-dislike-counter-for-posts-pages-and-comments\/images\/up.png\" \/>(<span>2<\/span>)<\/span><span class='ldc-ul_cont' onclick=\"alter_ul_post_values(this,'4585','dislike')\" ><img decoding=\"async\" src=\"http:\/\/ewig.es\/wordpress\/wp-content\/plugins\/like-dislike-counter-for-posts-pages-and-comments\/images\/down.png\" \/>(<span>0<\/span>)<\/span><\/div>","protected":false},"excerpt":{"rendered":"<p>nach Combeaufontaine, nur auf ganz kleinen Stra\u00dfen durch Wald und Wiesen \u00fcber die D\u00f6rfer im Hinterland. Durch die trockene Luft ist es morgens eine Freude zu radeln. Erst gegen Mittag steigt das Themometer auf 30\u00b0 C. Ich traf Colette. Und sie hat eine erstaunliche Tomatenpflanze, die von selber keimte, mit tausenden von Bl\u00fcten und winzigen &hellip; <a href=\"http:\/\/ewig.es\/index.php\/2022\/08\/11\/heute-radelte-ich\/\" class=\"more-link\"><span class=\"screen-reader-text\">\u201eHeute radelte ich\u201c<\/span> weiterlesen<\/a><\/p>\n","protected":false},"author":1,"featured_media":0,"comment_status":"open","ping_status":"closed","sticky":false,"template":"","format":"standard","meta":{"footnotes":""},"categories":[1],"tags":[],"class_list":["post-4585","post","type-post","status-publish","format-standard","hentry","category-tagebuch"],"_links":{"self":[{"href":"http:\/\/ewig.es\/index.php\/wp-json\/wp\/v2\/posts\/4585","targetHints":{"allow":["GET"]}}],"collection":[{"href":"http:\/\/ewig.es\/index.php\/wp-json\/wp\/v2\/posts"}],"about":[{"href":"http:\/\/ewig.es\/index.php\/wp-json\/wp\/v2\/types\/post"}],"author":[{"embeddable":true,"href":"http:\/\/ewig.es\/index.php\/wp-json\/wp\/v2\/users\/1"}],"replies":[{"embeddable":true,"href":"http:\/\/ewig.es\/index.php\/wp-json\/wp\/v2\/comments?post=4585"}],"version-history":[{"count":1,"href":"http:\/\/ewig.es\/index.php\/wp-json\/wp\/v2\/posts\/4585\/revisions"}],"predecessor-version":[{"id":4586,"href":"http:\/\/ewig.es\/index.php\/wp-json\/wp\/v2\/posts\/4585\/revisions\/4586"}],"wp:attachment":[{"href":"http:\/\/ewig.es\/index.php\/wp-json\/wp\/v2\/media?parent=4585"}],"wp:term":[{"taxonomy":"category","embeddable":true,"href":"http:\/\/ewig.es\/index.php\/wp-json\/wp\/v2\/categories?post=4585"},{"taxonomy":"post_tag","embeddable":true,"href":"http:\/\/ewig.es\/index.php\/wp-json\/wp\/v2\/tags?post=4585"}],"curies":[{"name":"wp","href":"https:\/\/api.w.org\/{rel}","templated":true}]}}