{"id":4587,"date":"2022-08-12T00:14:18","date_gmt":"2022-08-11T22:14:18","guid":{"rendered":"http:\/\/ewig.es\/?p=4587"},"modified":"2022-08-12T00:29:43","modified_gmt":"2022-08-11T22:29:43","slug":"die-drei-welten","status":"publish","type":"post","link":"http:\/\/ewig.es\/index.php\/2022\/08\/12\/die-drei-welten\/","title":{"rendered":"Die &#8222;drei Welten&#8220;"},"content":{"rendered":"\n<p class=\"wp-block-paragraph\">&#8222;ich, &#8222;mein&#8220;, &#8222;nicht mein&#8220; zu durchschauen (also &#8222;Maya&#8220;) hei\u00dft nicht, dass sie dann weg sind.<\/p>\n\n\n\n<p class=\"wp-block-paragraph\">Es hei\u00dft treffender, zu erkennen, dass sie nicht wirklich voneinander zu trennen sind. Das bleibt ein &#8222;k\u00fcnstliches&#8220; Vergn\u00fcgen (oder Missvergn\u00fcgen), dessen Anstrengung in Paradoxen m\u00fcndet.<\/p>\n\n\n\n<p class=\"wp-block-paragraph\">So auch in der Frage nach &#8222;Karma&#8220;. Wenn ich zum Beispiel behaupte, Karma ist v\u00f6llig pers\u00f6nlich, ist das eine sehr berechtigte Perspektive. Und wenn ich behaupte, Karma sei v\u00f6llig unpers\u00f6nlich und neutral, ist das auch eine v\u00f6llig berechtigte Perspektive.<\/p>\n\n\n\n<p class=\"wp-block-paragraph\">Und wenn ich nun frage, welche von beiden wahr ist, dann ist die Antwort: &#8222;beide wie auch keine&#8220;, denn das Paradox zeigt einfach nur: &#8222;Hier hat dein Verst\u00e4ndnis seine tempor\u00e4re Grenze  in der Interpretation dieses Ereignisses erreicht.&#8220;<\/p>\n\n\n\n<p class=\"wp-block-paragraph\">An dem, wie wir die Welt interpretieren, bleibt immer ein Rest, den wir unten den Teppich der Paradoxe kehren, so auch, dass die &#8222;drei Welten&#8220;, die der Dreizack Shivas symbolisiert, letztlich nur ein Modell der einen Welt sind.<\/p>\n\n\n\n<p class=\"wp-block-paragraph\">Ich kann sie durch &#8222;ich&#8220; (leer-pers\u00f6nlich), durch &#8222;mein&#8220; (pers\u00f6nlich) und durch &#8222;nicht mein&#8220; (objektive Welt) betrachten, und es gibt letztlich keinerlei echten Beweis, welche Perspektive nun *wirklich wahr* ist. Ein paradoxes Dreigestirn der Weltwahrnehmung. &#8222;Ich&#8220; (Gott-Vater), &#8222;Mein&#8220; (Tochter\/Sohn), &#8222;Nicht mein&#8220; (Der Heilige Geist): die Trinit\u00e4t.<\/p>\n\n\n\n<p class=\"wp-block-paragraph\">Maya zu &#8222;durchzuschauen&#8220;, hei\u00dft im Wesen die Einheit dieser Trinit\u00e4t zu erkennen. Was wir als drei Welten aufdr\u00f6seln, interpretieren, sie gegeneinander gewichten, ist eine Wirklichkeit. <\/p>\n\n\n\n<p class=\"wp-block-paragraph\">Und welcher Aspekt (unserer Dr\u00f6selarbeit) ist nun wirklicher? Die Wirklichkeit?<\/p>\n\n\n\n<p class=\"wp-block-paragraph\">Wo ich mich f\u00fcr nur &#8222;eine&#8220; entscheide, r\u00e4chen sich die anderen zwangsl\u00e4ufig an mir. \ud83d\ude42<\/p>\n\n\n\n<p class=\"wp-block-paragraph\">Aber wo ich einfach selbst &#8222;die Klappe halte&#8220; leben sie friedlich und harmonisch zusammen, da sie keine drei Welten sind. Erst das Verst\u00e4ndnis sieht (aus ihm guten Gr\u00fcnden) ein Problem darin, da es diese Einheit nicht durchschaut. Aber das Bastelwerk ist seine eigene Sch\u00f6pfung: &#8222;Maya&#8220; aus der &#8222;einen Welt&#8220;&#8230; &#8222;Der Schrecken meiner H\u00fchner bin ich&#8220;.<\/p>\n\n\n\n<p class=\"wp-block-paragraph\">Und was ist nun ein &#8222;Guru&#8220;?<\/p>\n\n\n\n<p class=\"wp-block-paragraph\">Ein Guru ist wie Wasser. Es erodiert. Ich sage es, da er keiner der drei Welten alleine geh\u00f6rt. &#8222;Guru&#8220; ist weder (nur) &#8222;ich, &#8222;mein&#8220; oder &#8222;nicht mein&#8220;, sondern Transzendenz: in der einen Welt beheimatet.<\/p>\n\n\n\n<p class=\"wp-block-paragraph\">&#8222;Guru&#8220; manifestiert sich so dreifach: &#8222;au\u00dfen&#8220;, &#8222;innen&#8220;, &#8222;selbst&#8220;. In allen &#8222;drei Welten&#8220;. Wie er in dir auftaucht (mystische Einsichten), so kommt er auch in entsprechender Weise von &#8222;au\u00dfen&#8220;: v\u00f6llig &#8222;personalisiert&#8220;, also auf die pers\u00f6nliche Situation zugeschnitten.<\/p>\n\n\n\n<p class=\"wp-block-paragraph\">Das ist kein &#8222;Spiegel&#8220;, in dem sich &#8222;innen&#8220; &#8222;au\u00dfen&#8220; spiegeln w\u00fcrde. Das ist ein Vorgang, den das derzeitige menschliche Verst\u00e4ndnis als &#8222;drei Welten&#8220;  interpretiert.<\/p>\n<div class=\"clearfix\"><span class='ldc-ul_cont' onclick=\"alter_ul_post_values(this,'4587','like')\" >gef\u00e4llt mir<img decoding=\"async\" src=\"http:\/\/ewig.es\/wordpress\/wp-content\/plugins\/like-dislike-counter-for-posts-pages-and-comments\/images\/up.png\" \/>(<span>4<\/span>)<\/span><span class='ldc-ul_cont' onclick=\"alter_ul_post_values(this,'4587','dislike')\" ><img decoding=\"async\" src=\"http:\/\/ewig.es\/wordpress\/wp-content\/plugins\/like-dislike-counter-for-posts-pages-and-comments\/images\/down.png\" \/>(<span>0<\/span>)<\/span><\/div>","protected":false},"excerpt":{"rendered":"<p>&#8222;ich, &#8222;mein&#8220;, &#8222;nicht mein&#8220; zu durchschauen (also &#8222;Maya&#8220;) hei\u00dft nicht, dass sie dann weg sind. Es hei\u00dft treffender, zu erkennen, dass sie nicht wirklich voneinander zu trennen sind. Das bleibt ein &#8222;k\u00fcnstliches&#8220; Vergn\u00fcgen (oder Missvergn\u00fcgen), dessen Anstrengung in Paradoxen m\u00fcndet. So auch in der Frage nach &#8222;Karma&#8220;. Wenn ich zum Beispiel behaupte, Karma ist v\u00f6llig &hellip; <a href=\"http:\/\/ewig.es\/index.php\/2022\/08\/12\/die-drei-welten\/\" class=\"more-link\"><span class=\"screen-reader-text\">\u201eDie &#8222;drei Welten&#8220;\u201c<\/span> weiterlesen<\/a><\/p>\n","protected":false},"author":1,"featured_media":0,"comment_status":"open","ping_status":"closed","sticky":false,"template":"","format":"standard","meta":{"footnotes":""},"categories":[1],"tags":[],"class_list":["post-4587","post","type-post","status-publish","format-standard","hentry","category-tagebuch"],"_links":{"self":[{"href":"http:\/\/ewig.es\/index.php\/wp-json\/wp\/v2\/posts\/4587","targetHints":{"allow":["GET"]}}],"collection":[{"href":"http:\/\/ewig.es\/index.php\/wp-json\/wp\/v2\/posts"}],"about":[{"href":"http:\/\/ewig.es\/index.php\/wp-json\/wp\/v2\/types\/post"}],"author":[{"embeddable":true,"href":"http:\/\/ewig.es\/index.php\/wp-json\/wp\/v2\/users\/1"}],"replies":[{"embeddable":true,"href":"http:\/\/ewig.es\/index.php\/wp-json\/wp\/v2\/comments?post=4587"}],"version-history":[{"count":8,"href":"http:\/\/ewig.es\/index.php\/wp-json\/wp\/v2\/posts\/4587\/revisions"}],"predecessor-version":[{"id":4596,"href":"http:\/\/ewig.es\/index.php\/wp-json\/wp\/v2\/posts\/4587\/revisions\/4596"}],"wp:attachment":[{"href":"http:\/\/ewig.es\/index.php\/wp-json\/wp\/v2\/media?parent=4587"}],"wp:term":[{"taxonomy":"category","embeddable":true,"href":"http:\/\/ewig.es\/index.php\/wp-json\/wp\/v2\/categories?post=4587"},{"taxonomy":"post_tag","embeddable":true,"href":"http:\/\/ewig.es\/index.php\/wp-json\/wp\/v2\/tags?post=4587"}],"curies":[{"name":"wp","href":"https:\/\/api.w.org\/{rel}","templated":true}]}}