{"id":4606,"date":"2022-08-13T22:17:54","date_gmt":"2022-08-13T20:17:54","guid":{"rendered":"http:\/\/ewig.es\/?p=4606"},"modified":"2022-08-13T22:19:55","modified_gmt":"2022-08-13T20:19:55","slug":"heute-radelte-ich-2","status":"publish","type":"post","link":"http:\/\/ewig.es\/index.php\/2022\/08\/13\/heute-radelte-ich-2\/","title":{"rendered":"Heute radelte ich"},"content":{"rendered":"\n<p class=\"wp-block-paragraph\">zur H\u00fchnerfarm, um Eier zu kaufen, denn meine Henne legt derzeit keine Eier. Und auch alle Balzt\u00e4nze des Bobberle sto\u00dfen bei ihr auf taube Augen und Ohren. <\/p>\n\n\n\n<p class=\"wp-block-paragraph\">Auch mir gegen\u00fcber tritt die Henne sehr fordernd auf, klopft schon morgens ungeduldig an die Stallt\u00fcre und schimpft. Dasselbe, ist sie der Meinung, der Essensservice sei mangelhaft.<\/p>\n\n\n\n<p class=\"wp-block-paragraph\">Es war schon Tag, da sah ich meinen Marder, bzw. meinen Untermieter im Speicher, versteckt unter dem Efeu sitzen, und die K\u00fcken rannten wenige Meter entfernt herum. Ein sch\u00f6nes Tier mit braunem Fell und wei\u00dfem Bauch, von dem nur der Kopf zu sehen war.<\/p>\n\n\n\n<p class=\"wp-block-paragraph\">Dann sah er, dass ich ihn sah. Das war ihm peinlich. Da er an der Mauer lauerte, in der die Ratten wohnen, vermute ich, dass er hinten ihnen her ist, denn k\u00fcrzlich fand ich eine Ratte, tot, mit schweren Bissverletzungen in der Scheune liegen. Und ich sah schon l\u00e4nger keine lebende Ratte mehr.<\/p>\n\n\n\n<p class=\"wp-block-paragraph\">Der hatte sich im Winter in einem St\u00fcck Weidezaun verfangen, schrie dann wie ein Kind laut um Hilfe, ich schnitt ihn frei. Er schien sich an mich zu erinnern, so richtig Angst hatte er nicht. <\/p>\n\n\n\n<p class=\"wp-block-paragraph\">Dann rief der Bussard, der ist talseitig auf Jagd. Und ich wundere mich immer wieder, dass noch keines der K\u00fcken das Opfer eines der vielen Raubtiere wurde.<\/p>\n\n\n\n<p class=\"wp-block-paragraph\">Einsperren funktioniert nicht, den ganzen Tag kann ich nicht aufpassen. Die H\u00fchner leben gef\u00e4hrlich.<\/p>\n<div class=\"clearfix\"><span class='ldc-ul_cont' onclick=\"alter_ul_post_values(this,'4606','like')\" >gef\u00e4llt mir<img decoding=\"async\" src=\"http:\/\/ewig.es\/wordpress\/wp-content\/plugins\/like-dislike-counter-for-posts-pages-and-comments\/images\/up.png\" \/>(<span>5<\/span>)<\/span><span class='ldc-ul_cont' onclick=\"alter_ul_post_values(this,'4606','dislike')\" ><img decoding=\"async\" src=\"http:\/\/ewig.es\/wordpress\/wp-content\/plugins\/like-dislike-counter-for-posts-pages-and-comments\/images\/down.png\" \/>(<span>0<\/span>)<\/span><\/div>","protected":false},"excerpt":{"rendered":"<p>zur H\u00fchnerfarm, um Eier zu kaufen, denn meine Henne legt derzeit keine Eier. Und auch alle Balzt\u00e4nze des Bobberle sto\u00dfen bei ihr auf taube Augen und Ohren. Auch mir gegen\u00fcber tritt die Henne sehr fordernd auf, klopft schon morgens ungeduldig an die Stallt\u00fcre und schimpft. Dasselbe, ist sie der Meinung, der Essensservice sei mangelhaft. Es &hellip; <a href=\"http:\/\/ewig.es\/index.php\/2022\/08\/13\/heute-radelte-ich-2\/\" class=\"more-link\"><span class=\"screen-reader-text\">\u201eHeute radelte ich\u201c<\/span> weiterlesen<\/a><\/p>\n","protected":false},"author":1,"featured_media":0,"comment_status":"open","ping_status":"closed","sticky":false,"template":"","format":"standard","meta":{"footnotes":""},"categories":[1],"tags":[],"class_list":["post-4606","post","type-post","status-publish","format-standard","hentry","category-tagebuch"],"_links":{"self":[{"href":"http:\/\/ewig.es\/index.php\/wp-json\/wp\/v2\/posts\/4606","targetHints":{"allow":["GET"]}}],"collection":[{"href":"http:\/\/ewig.es\/index.php\/wp-json\/wp\/v2\/posts"}],"about":[{"href":"http:\/\/ewig.es\/index.php\/wp-json\/wp\/v2\/types\/post"}],"author":[{"embeddable":true,"href":"http:\/\/ewig.es\/index.php\/wp-json\/wp\/v2\/users\/1"}],"replies":[{"embeddable":true,"href":"http:\/\/ewig.es\/index.php\/wp-json\/wp\/v2\/comments?post=4606"}],"version-history":[{"count":3,"href":"http:\/\/ewig.es\/index.php\/wp-json\/wp\/v2\/posts\/4606\/revisions"}],"predecessor-version":[{"id":4609,"href":"http:\/\/ewig.es\/index.php\/wp-json\/wp\/v2\/posts\/4606\/revisions\/4609"}],"wp:attachment":[{"href":"http:\/\/ewig.es\/index.php\/wp-json\/wp\/v2\/media?parent=4606"}],"wp:term":[{"taxonomy":"category","embeddable":true,"href":"http:\/\/ewig.es\/index.php\/wp-json\/wp\/v2\/categories?post=4606"},{"taxonomy":"post_tag","embeddable":true,"href":"http:\/\/ewig.es\/index.php\/wp-json\/wp\/v2\/tags?post=4606"}],"curies":[{"name":"wp","href":"https:\/\/api.w.org\/{rel}","templated":true}]}}