{"id":4617,"date":"2022-08-15T20:11:14","date_gmt":"2022-08-15T18:11:14","guid":{"rendered":"http:\/\/ewig.es\/?p=4617"},"modified":"2022-08-15T20:17:32","modified_gmt":"2022-08-15T18:17:32","slug":"je-mehr-modi-in-indien","status":"publish","type":"post","link":"http:\/\/ewig.es\/index.php\/2022\/08\/15\/je-mehr-modi-in-indien\/","title":{"rendered":"Je mehr Modi in Indien"},"content":{"rendered":"\n<p class=\"wp-block-paragraph\">den Hinduismus zu einem nationalistischen Instrument missbraucht, desto mehr scheue ich mich pers\u00f6nlich in meinem Schreiben Bezug zu hinduistischen Vorstellungen zu nehmen.<\/p>\n\n\n\n<p class=\"wp-block-paragraph\">Daher habe ich auch Nethu II wieder auf &#8222;privat&#8220; gestellt, da ich selbst den Bezug auf Shiva nahm und das \u00e4ndern will.<\/p>\n\n\n\n<p class=\"wp-block-paragraph\">Je mehr immer gr\u00f6\u00dfere Teile der Spiritualit\u00e4t bewusst (oder auch unbewusst) auf den global sich verst\u00e4rkenden Neonationalismus hereinfallen, desto mehr f\u00fchle ich mich emotional gezwungen, das, was ich schreibe, von solchen traditionellen Ideenwelten zu l\u00f6sen.<\/p>\n\n\n\n<p class=\"wp-block-paragraph\">Warum betrachte ich denn eigentlich diesen (der Begriff ist zugegeben etwas schwammig) Neonationalismus als &#8222;kontraproduktiv&#8220; im Thema?<\/p>\n\n\n\n<p class=\"wp-block-paragraph\">Es geht um etwas Gr\u00f6\u00dferes, f\u00fcr den der Begriff &#8222;Weite&#8220; am ehesten passt. Weite ist die Expansion der Kundalini. Die baut zwar auf all dem kleinkarierten Mist der Vergangenheit auf, aber \u00fcbersteigert das bisher gewesene in eine neue Weite, auch im Geiste.<\/p>\n\n\n\n<p class=\"wp-block-paragraph\">Ich wundere mich ja immer wieder, was &#8222;Spirituelle&#8220; am Ohr dieser kleinkarierten Prediger h\u00e4ngen, ein K\u00e4fig f\u00fcr den mentalen Kanarienvogel. Den lockt aber die Weite, nicht dieser schwer verdauliche Hirnsalat.<\/p>\n\n\n\n<p class=\"wp-block-paragraph\">Ich schaue mir ab und zu auf YouTube an, was so gepredigt wird. Meist ein Gebr\u00e4u aus unverstandenen oder nicht weiter durchdachten Fragmenten aus verschiedensten Wissensbereichen. Und ich frage mich dann gerne? Wann kommst du nun? Zu was? Zu einer interessanten Aussage.<\/p>\n\n\n\n<p class=\"wp-block-paragraph\">Mindfuck, und dann noch ohne Orgasmus. Ein Orgasmus in die Enge, wie das neonationalistische Theater vorspielt. Und dann der Kater, bricht der Rausch zusammen.<\/p>\n\n\n\n<p class=\"wp-block-paragraph\">Der Spirituelle Orgasmus geht in die Weite&#8230; in neue Gr\u00f6\u00dfe. Das ist kein Hickhack, ob nun diese, das, jenes. Und die m\u00f6gen predigen, was sie wollen. Ich muss eine andere Sprache f\u00fcr meine Geschichte finden, empfinde ich derzeit. Am besten von allen Traditionen losgel\u00f6st. <\/p>\n\n\n\n<p class=\"wp-block-paragraph\">So, als w\u00fcrde \u00fcberhaupt noch gar keine &#8222;Spiritualit\u00e4t&#8220; existieren. Als w\u00e4re das Thema neu und jede Form der Begegnung mit dem Thema neu.<\/p>\n\n\n\n<p class=\"wp-block-paragraph\">Ein Held, alleine mit seiner\/ ihrer\/ der Wirklichkeit. Der pers\u00f6nliche &#8222;Sparringspartner&#8220; reduziert sich (nat\u00fcrlich nur in der Vorstellung) auf ein nacktes Gegen\u00fcber mit dem Ereignis Leben. <\/p>\n<div class=\"clearfix\"><span class='ldc-ul_cont' onclick=\"alter_ul_post_values(this,'4617','like')\" >gef\u00e4llt mir<img decoding=\"async\" src=\"http:\/\/ewig.es\/wordpress\/wp-content\/plugins\/like-dislike-counter-for-posts-pages-and-comments\/images\/up.png\" \/>(<span>3<\/span>)<\/span><span class='ldc-ul_cont' onclick=\"alter_ul_post_values(this,'4617','dislike')\" ><img decoding=\"async\" src=\"http:\/\/ewig.es\/wordpress\/wp-content\/plugins\/like-dislike-counter-for-posts-pages-and-comments\/images\/down.png\" \/>(<span>0<\/span>)<\/span><\/div>","protected":false},"excerpt":{"rendered":"<p>den Hinduismus zu einem nationalistischen Instrument missbraucht, desto mehr scheue ich mich pers\u00f6nlich in meinem Schreiben Bezug zu hinduistischen Vorstellungen zu nehmen. Daher habe ich auch Nethu II wieder auf &#8222;privat&#8220; gestellt, da ich selbst den Bezug auf Shiva nahm und das \u00e4ndern will. Je mehr immer gr\u00f6\u00dfere Teile der Spiritualit\u00e4t bewusst (oder auch unbewusst) &hellip; <a href=\"http:\/\/ewig.es\/index.php\/2022\/08\/15\/je-mehr-modi-in-indien\/\" class=\"more-link\"><span class=\"screen-reader-text\">\u201eJe mehr Modi in Indien\u201c<\/span> weiterlesen<\/a><\/p>\n","protected":false},"author":1,"featured_media":0,"comment_status":"open","ping_status":"closed","sticky":false,"template":"","format":"standard","meta":{"footnotes":""},"categories":[1],"tags":[],"class_list":["post-4617","post","type-post","status-publish","format-standard","hentry","category-tagebuch"],"_links":{"self":[{"href":"http:\/\/ewig.es\/index.php\/wp-json\/wp\/v2\/posts\/4617","targetHints":{"allow":["GET"]}}],"collection":[{"href":"http:\/\/ewig.es\/index.php\/wp-json\/wp\/v2\/posts"}],"about":[{"href":"http:\/\/ewig.es\/index.php\/wp-json\/wp\/v2\/types\/post"}],"author":[{"embeddable":true,"href":"http:\/\/ewig.es\/index.php\/wp-json\/wp\/v2\/users\/1"}],"replies":[{"embeddable":true,"href":"http:\/\/ewig.es\/index.php\/wp-json\/wp\/v2\/comments?post=4617"}],"version-history":[{"count":4,"href":"http:\/\/ewig.es\/index.php\/wp-json\/wp\/v2\/posts\/4617\/revisions"}],"predecessor-version":[{"id":4622,"href":"http:\/\/ewig.es\/index.php\/wp-json\/wp\/v2\/posts\/4617\/revisions\/4622"}],"wp:attachment":[{"href":"http:\/\/ewig.es\/index.php\/wp-json\/wp\/v2\/media?parent=4617"}],"wp:term":[{"taxonomy":"category","embeddable":true,"href":"http:\/\/ewig.es\/index.php\/wp-json\/wp\/v2\/categories?post=4617"},{"taxonomy":"post_tag","embeddable":true,"href":"http:\/\/ewig.es\/index.php\/wp-json\/wp\/v2\/tags?post=4617"}],"curies":[{"name":"wp","href":"https:\/\/api.w.org\/{rel}","templated":true}]}}