{"id":4623,"date":"2022-08-15T20:43:29","date_gmt":"2022-08-15T18:43:29","guid":{"rendered":"http:\/\/ewig.es\/?p=4623"},"modified":"2022-08-15T20:45:23","modified_gmt":"2022-08-15T18:45:23","slug":"heute-war-es-kuehl","status":"publish","type":"post","link":"http:\/\/ewig.es\/index.php\/2022\/08\/15\/heute-war-es-kuehl\/","title":{"rendered":"Heute war es k\u00fchl,"},"content":{"rendered":"\n<p class=\"wp-block-paragraph\">und es regnete sogar etwas.<\/p>\n\n\n\n<p class=\"wp-block-paragraph\">Jean-Louis war hier. Der hatte sich seit Mitte Juli in seinem Haus verschanzt und nur morgens die Fenster ge\u00f6ffnet, um etwas K\u00fchle ins Haus zu lassen. Nur keinen Schritt vor die T\u00fcre.<\/p>\n\n\n\n<p class=\"wp-block-paragraph\">F\u00fcr manche Mitmenschen ist die Hitze eine Qual. Und die K\u00fcken sahen zum ersten Mal Regen. <\/p>\n\n\n\n<p class=\"wp-block-paragraph\">Da das Huhn aus den Tropen kommt, verschleppt aus seiner Heimat, denken die K\u00fcken wohl noch, das sei eben das, was schon seit Jahrmillionen ihr Lebensraum ist: die Tropen. Genetisch gesehen wurden sie auch erst k\u00fcrzlich verschleppt, wie sich der Mensch erst k\u00fcrzlich verirrte.<\/p>\n\n\n\n<p class=\"wp-block-paragraph\">In der W\u00e4rme verlor er sein Fell. Und als er sich in die K\u00e4lte verirrte, den R\u00fcckweg vergessen hatte, stand er im wahrsten Sinne nackt da.<\/p>\n\n\n\n<p class=\"wp-block-paragraph\">Es erstaunt mich immer wieder, was wie viel weniger Kelvin Durchschnittstemperatur ausmachen. Von der letzten Eiszeit, als hier sich n\u00f6rdlich die Gletscher t\u00fcrmten und eisigen Winde durch eine Steppe bliesen, sind es nur ca. 6 Kelvin.<\/p>\n\n\n\n<p class=\"wp-block-paragraph\">Und von pr\u00e4historisch fast alles Leben vernichtenden Erderw\u00e4rmungen trennen uns ca. 8 Kelvin plus.<\/p>\n\n\n\n<p class=\"wp-block-paragraph\">Ein Grad Kelvin mehr, im Mittel, klingt f\u00fcr sich gesehen wenig. Aber wenn ich bedenke, dass uns, global gesehen, nur ca. 10 Kelvin davon trennen, ein tiefgefrorenes Huhn zu sein und nach oben davon als Brath\u00e4hnchen zu enden, sieht das schon anders aus.<\/p>\n\n\n\n<p class=\"wp-block-paragraph\"><\/p>\n\n\n\n<p class=\"wp-block-paragraph\"><\/p>\n<div class=\"clearfix\"><span class='ldc-ul_cont' onclick=\"alter_ul_post_values(this,'4623','like')\" >gef\u00e4llt mir<img decoding=\"async\" src=\"http:\/\/ewig.es\/wordpress\/wp-content\/plugins\/like-dislike-counter-for-posts-pages-and-comments\/images\/up.png\" \/>(<span>5<\/span>)<\/span><span class='ldc-ul_cont' onclick=\"alter_ul_post_values(this,'4623','dislike')\" ><img decoding=\"async\" src=\"http:\/\/ewig.es\/wordpress\/wp-content\/plugins\/like-dislike-counter-for-posts-pages-and-comments\/images\/down.png\" \/>(<span>0<\/span>)<\/span><\/div>","protected":false},"excerpt":{"rendered":"<p>und es regnete sogar etwas. Jean-Louis war hier. Der hatte sich seit Mitte Juli in seinem Haus verschanzt und nur morgens die Fenster ge\u00f6ffnet, um etwas K\u00fchle ins Haus zu lassen. Nur keinen Schritt vor die T\u00fcre. F\u00fcr manche Mitmenschen ist die Hitze eine Qual. Und die K\u00fcken sahen zum ersten Mal Regen. Da das &hellip; <a href=\"http:\/\/ewig.es\/index.php\/2022\/08\/15\/heute-war-es-kuehl\/\" class=\"more-link\"><span class=\"screen-reader-text\">\u201eHeute war es k\u00fchl,\u201c<\/span> weiterlesen<\/a><\/p>\n","protected":false},"author":1,"featured_media":0,"comment_status":"open","ping_status":"closed","sticky":false,"template":"","format":"standard","meta":{"footnotes":""},"categories":[1],"tags":[],"class_list":["post-4623","post","type-post","status-publish","format-standard","hentry","category-tagebuch"],"_links":{"self":[{"href":"http:\/\/ewig.es\/index.php\/wp-json\/wp\/v2\/posts\/4623","targetHints":{"allow":["GET"]}}],"collection":[{"href":"http:\/\/ewig.es\/index.php\/wp-json\/wp\/v2\/posts"}],"about":[{"href":"http:\/\/ewig.es\/index.php\/wp-json\/wp\/v2\/types\/post"}],"author":[{"embeddable":true,"href":"http:\/\/ewig.es\/index.php\/wp-json\/wp\/v2\/users\/1"}],"replies":[{"embeddable":true,"href":"http:\/\/ewig.es\/index.php\/wp-json\/wp\/v2\/comments?post=4623"}],"version-history":[{"count":3,"href":"http:\/\/ewig.es\/index.php\/wp-json\/wp\/v2\/posts\/4623\/revisions"}],"predecessor-version":[{"id":4625,"href":"http:\/\/ewig.es\/index.php\/wp-json\/wp\/v2\/posts\/4623\/revisions\/4625"}],"wp:attachment":[{"href":"http:\/\/ewig.es\/index.php\/wp-json\/wp\/v2\/media?parent=4623"}],"wp:term":[{"taxonomy":"category","embeddable":true,"href":"http:\/\/ewig.es\/index.php\/wp-json\/wp\/v2\/categories?post=4623"},{"taxonomy":"post_tag","embeddable":true,"href":"http:\/\/ewig.es\/index.php\/wp-json\/wp\/v2\/tags?post=4623"}],"curies":[{"name":"wp","href":"https:\/\/api.w.org\/{rel}","templated":true}]}}