{"id":4628,"date":"2022-08-16T12:06:37","date_gmt":"2022-08-16T10:06:37","guid":{"rendered":"http:\/\/ewig.es\/?p=4628"},"modified":"2022-08-16T12:12:26","modified_gmt":"2022-08-16T10:12:26","slug":"das-thema-spiritualitaet","status":"publish","type":"post","link":"http:\/\/ewig.es\/index.php\/2022\/08\/16\/das-thema-spiritualitaet\/","title":{"rendered":"Das Thema Spiritualit\u00e4t"},"content":{"rendered":"\n<p class=\"wp-block-paragraph\">vereinfacht sich enorm, kann ich mir selbst eingestehen, dass ich selbst der einzige Mensch bin, von dem ich mit Sicherheit sagen kann, dass er bewusst Bewusstsein wahrnimmt.<\/p>\n\n\n\n<p class=\"wp-block-paragraph\">Und v\u00f6llig egal, wie es in der Vielfalt wirklich ist, alles, was dar\u00fcber hinausgeht, ist ein sozial gepr\u00e4gter Indizienprozess.<\/p>\n\n\n\n<p class=\"wp-block-paragraph\">Ein letztlicher Beweis gibt es f\u00fcr gar nichts, ich kann nicht einmal meine eigene Existenz (\u00fcber einen sozialen Konsens im Weltverst\u00e4ndnis hinaus) beweisen. Und an alle, die letztendliche Beweise fordern: Dem es zu beweisen gilt, bleibt letztlich als einziges \u00fcbrig. Und ist sich darin nicht mehr, als der Beweis seiner eigenen Existenz: Ich bin.<\/p>\n\n\n\n<p class=\"wp-block-paragraph\">Jnana-Yoga, losgel\u00f6st von der Tradition betrachtet, ist so schwierig, da er erst einmal ein Training des Unterscheidungsverm\u00f6gens in der Welt bedarf, bevor dieses Instrument an der Welt selbst ansetzten kann und sich selbst als die Ewigkeit subtrahiert: Was bleibt \u00fcbrig, ziehe ich alles ab?<\/p>\n\n\n\n<p class=\"wp-block-paragraph\">Und Sinn der \u00dcbung ist nicht mehr, als mich selbst als das Selbst zu erkennen, denn in Wirklichkeit bleibt alles \u00fcbrig, aber es erm\u00f6glicht das Erkennen des unerkl\u00e4rlichen Selbst, das diesem Ereignis zugrunde liegt.<\/p>\n\n\n\n<p class=\"wp-block-paragraph\">In dieses Selbst darf ich nun hineindeuten, was ich will. Q-Deppen sehen darin Trump und Putin als Messias, andere 10 Gebote, aber was sehe ich wirklich?<\/p>\n\n\n\n<p class=\"wp-block-paragraph\">Was sehe ich selbst? Und dazu kehre ich zum Anfang zur\u00fcck: Der einzige, den ich kenne, der Bewusstsein (das Selbst) bewusst wahrnimmt, bin ich selbst. Und die oder der ist auch die oder der Einzige, der diese Frage beantworten kann.<\/p>\n\n\n\n<p class=\"wp-block-paragraph\">Die oder der Einzige, egal was Milliarden von Deppen \u00fcber das Selbst erz\u00e4hlen, da es die Instanz ist, die Bewusstsein bewusst wahrnimmt.<\/p>\n\n\n\n<p class=\"wp-block-paragraph\">Und wer diesen Schritt nicht tun kann, wird wie eine Fliege am Mist aus den M\u00fcndern unz\u00e4hliger Propheten kleben bleiben: &#8222;So ist es, so ist es, so ist es&#8230;&#8220;, im Vergessen das Bewusstsein zu sein, das sich die Frage nach sich selbst stellt. <\/p>\n\n\n\n<p class=\"wp-block-paragraph\">Und da ich das Bewusstsein immer betrachten kann, kann ich mich auch gleich dem wesentlichen Thema zuwenden und mir diese Deppen-Ausfl\u00fcge ersparen.<\/p>\n\n\n\n<p class=\"wp-block-paragraph\">Wer denkt, die Frage: &#8222;Wer bin ich?&#8220;, k\u00f6nnte mir jemand anderer als ich selbst beantworten, hat einfach noch nicht die tiefere Bedeutung der Frage erkannt.<\/p>\n\n\n\n<p class=\"wp-block-paragraph\">Sie kreist um mich, nicht jemanden anderen. <\/p>\n\n\n\n<p class=\"wp-block-paragraph\">Und diese Selbstbetrachtung nennt die Tradition &#8222;Atman Vichara&#8220;. Ich betrachte mich selbst in dem, in dem ich alleine bin, also im bewussten Wissen um meine eigene Existenz&#8230; ich muss dazu nicht wissen, was ich bin. Ich wei\u00df, dass ich bin. Was ist genau das?<\/p>\n\n\n\n<p class=\"wp-block-paragraph\">Und in der genaueren Betrachtung dieser simplen (aus sich seienden) Tatsache erwuchs der ganze Kosmos der Spiritualit\u00e4t.<\/p>\n\n\n\n<p class=\"wp-block-paragraph\">Warum? In ihr stecken Informationen. Das, was gerne als selbstverst\u00e4ndlich, keiner weiteren Betrachtung wert, erscheint (die Musik spielt in der Vielfalt), birgt in sich alle Informationen, die &#8222;spirituell&#8220; genannt werden.<\/p>\n\n\n\n<p class=\"wp-block-paragraph\">Ich muss sie mir aber in der eigenen Betrachtung (Selbstbetrachtung) erschlie\u00dfen, da sie nicht Glaube (der hat das und das gesagt) sind, sondern eigenes Wissen um mich selbst.<\/p>\n\n\n\n<p class=\"wp-block-paragraph\">Dieses Wissen unterscheidet sich von Wissen \u00fcber die Vielfalt, da es mir, habe ich es mir erschlossen, jederzeit direkt in der eigenen Betrachtung zug\u00e4nglich ist. <\/p>\n\n\n\n<p class=\"wp-block-paragraph\">So glaube ich dann zum Beispiel nicht, dass ich Ewigkeit bin. Das kann ich jederzeit sehen, in vielfachen Aspekten, so ich will. Erkenntnis ist im spirituellen Sinne kein Glaube, ich glaube diesem oder jenem Propheten\/ Guru, sondern selbst erarbeitetes (auf die Pers\u00f6nlichkeit gesehen) Wissen um mich selbst.<\/p>\n\n\n\n<p class=\"wp-block-paragraph\">Und wer an Kuhschei\u00dfe, \u00e4h die beiden Q-Messias Trump und Putin glauben will, gerne. Und gerne auch an alle m\u00f6gliche andere Schei\u00dfe.<\/p>\n\n\n\n<p class=\"wp-block-paragraph\">Nur ist Spiritualit\u00e4t im engeren Sinne kein Glaubensthema, sondern sie kreist um Erkenntnis. Und Erkenntnis, man mag es mir verzeihen, ist ein anderes Kaliber als der Glaube.<\/p>\n\n\n\n<p class=\"wp-block-paragraph\">Jedoch ist das Thema undankbar, denn ich kann im Grunde in das Selbst (oder &#8222;Gott&#8220;) jeden Mist deuten. Und es wird mir nicht einmal direkt widersprechen. Wie ein: &#8222;Nun ja?&#8230; sehen wir mal, was daraus wird&#8220;&#8230; und das sinnbildlich mit einem schelmischen L\u00e4cheln auf den Lippen. Denn seine Natur ist immer auch das langfristige Korrektiv an allen Deppologien \u00fcber das Selbst\/ sich selbst.<\/p>\n\n\n\n<p class=\"wp-block-paragraph\">Daher ist das Thema, gerade relativ (auf die Welt hin betrachtet), extrem anspruchsvoll.<\/p>\n\n\n\n<p class=\"wp-block-paragraph\">Nicht, dass ich nicht selbst in vielen Themen um das Selbst ein Depp w\u00e4re, aber ich kann mir vieles vereinfachen, bem\u00fche ich mich erst um Erkenntnis und dann&#8230;<\/p>\n\n\n\n<p class=\"wp-block-paragraph\">Oder wie Ramana einst sagte: &#8222;Erkenne erst das Selbst, dann&#8230; .&#8220; Es vereinfacht einfach vieles. Und ich komme auch ohne Q-Deppen aus.<\/p>\n\n\n\n<p class=\"wp-block-paragraph\">Alleine das ist unbezahlbar. \ud83d\ude42<\/p>\n<div class=\"clearfix\"><span class='ldc-ul_cont' onclick=\"alter_ul_post_values(this,'4628','like')\" >gef\u00e4llt mir<img decoding=\"async\" src=\"http:\/\/ewig.es\/wordpress\/wp-content\/plugins\/like-dislike-counter-for-posts-pages-and-comments\/images\/up.png\" \/>(<span>4<\/span>)<\/span><span class='ldc-ul_cont' onclick=\"alter_ul_post_values(this,'4628','dislike')\" ><img decoding=\"async\" src=\"http:\/\/ewig.es\/wordpress\/wp-content\/plugins\/like-dislike-counter-for-posts-pages-and-comments\/images\/down.png\" \/>(<span>0<\/span>)<\/span><\/div>","protected":false},"excerpt":{"rendered":"<p>vereinfacht sich enorm, kann ich mir selbst eingestehen, dass ich selbst der einzige Mensch bin, von dem ich mit Sicherheit sagen kann, dass er bewusst Bewusstsein wahrnimmt. Und v\u00f6llig egal, wie es in der Vielfalt wirklich ist, alles, was dar\u00fcber hinausgeht, ist ein sozial gepr\u00e4gter Indizienprozess. Ein letztlicher Beweis gibt es f\u00fcr gar nichts, ich &hellip; <a href=\"http:\/\/ewig.es\/index.php\/2022\/08\/16\/das-thema-spiritualitaet\/\" class=\"more-link\"><span class=\"screen-reader-text\">\u201eDas Thema Spiritualit\u00e4t\u201c<\/span> weiterlesen<\/a><\/p>\n","protected":false},"author":1,"featured_media":0,"comment_status":"open","ping_status":"closed","sticky":false,"template":"","format":"standard","meta":{"footnotes":""},"categories":[1],"tags":[],"class_list":["post-4628","post","type-post","status-publish","format-standard","hentry","category-tagebuch"],"_links":{"self":[{"href":"http:\/\/ewig.es\/index.php\/wp-json\/wp\/v2\/posts\/4628","targetHints":{"allow":["GET"]}}],"collection":[{"href":"http:\/\/ewig.es\/index.php\/wp-json\/wp\/v2\/posts"}],"about":[{"href":"http:\/\/ewig.es\/index.php\/wp-json\/wp\/v2\/types\/post"}],"author":[{"embeddable":true,"href":"http:\/\/ewig.es\/index.php\/wp-json\/wp\/v2\/users\/1"}],"replies":[{"embeddable":true,"href":"http:\/\/ewig.es\/index.php\/wp-json\/wp\/v2\/comments?post=4628"}],"version-history":[{"count":3,"href":"http:\/\/ewig.es\/index.php\/wp-json\/wp\/v2\/posts\/4628\/revisions"}],"predecessor-version":[{"id":4631,"href":"http:\/\/ewig.es\/index.php\/wp-json\/wp\/v2\/posts\/4628\/revisions\/4631"}],"wp:attachment":[{"href":"http:\/\/ewig.es\/index.php\/wp-json\/wp\/v2\/media?parent=4628"}],"wp:term":[{"taxonomy":"category","embeddable":true,"href":"http:\/\/ewig.es\/index.php\/wp-json\/wp\/v2\/categories?post=4628"},{"taxonomy":"post_tag","embeddable":true,"href":"http:\/\/ewig.es\/index.php\/wp-json\/wp\/v2\/tags?post=4628"}],"curies":[{"name":"wp","href":"https:\/\/api.w.org\/{rel}","templated":true}]}}