{"id":4632,"date":"2022-08-16T13:23:14","date_gmt":"2022-08-16T11:23:14","guid":{"rendered":"http:\/\/ewig.es\/?p=4632"},"modified":"2022-08-16T13:23:14","modified_gmt":"2022-08-16T11:23:14","slug":"wenn-ich-erkenne","status":"publish","type":"post","link":"http:\/\/ewig.es\/index.php\/2022\/08\/16\/wenn-ich-erkenne\/","title":{"rendered":"Wenn ich erkenne,"},"content":{"rendered":"\n<p class=\"wp-block-paragraph\">dass die Substanz des Universums nicht in der Materie liegt, sondern in etwas (im Sinne der Vielfalt) unbeschreiblichem dahinter, kann ich nat\u00fcrlich die Welt &#8222;virtuell&#8220; nennen, nur bildet sich der Mensch hier gerne zu viel darauf ein, dass er dadurch w\u00fcsste, was virtuell w\u00e4re.<\/p>\n\n\n\n<p class=\"wp-block-paragraph\">In diesem &#8222;Dahinter&#8220; (real &#8222;mit&#8220; und &#8222;als&#8220;) m\u00fcndet auch der pers\u00f6nliche Beobachter und Akteur in der Welt und die beobachtete Welt in DasSelbe.<\/p>\n\n\n\n<p class=\"wp-block-paragraph\">Ich m\u00f6chte mich hier aus dem philosophischen Streit darum heraushalten, wer in dieser &#8222;Ehe&#8220; die Henne und wer das Ei ist. Mir reicht, zu sehen, dass sie in Dasselbe m\u00fcnden, das wie ein absolutes Hier erscheint, als w\u00fcrden sie sich in einer absoluten Gegenwart aneinander ausl\u00f6schen. Und sie bleibt als &#8222;Leere&#8220; zur\u00fcck. <\/p>\n\n\n\n<p class=\"wp-block-paragraph\">Es mag im Unbewussten der Leere unz\u00e4hlige H\u00fchner und Eier und H\u00e4hne geben, aber sie bleiben Inhalt eines Indizienprozesses, zu dem die Ursache schweigt: &#8222;Lass sie hampeln. Der eine kann dem anderen niemals beweisen, dass es so herum oder andersherum w\u00e4re.&#8220;<\/p>\n\n\n\n<p class=\"wp-block-paragraph\">Ramana sagte einmal: Welt und Beobachter tauchen gemeinsam aus dem Herzen (Selbst) auf.<\/p>\n\n\n\n<p class=\"wp-block-paragraph\">Und das ist alles, was auch ich zu Ursache und Wirkung sagen k\u00f6nnte. Aber nichts Verbindliches zur H\u00fchner- und Eiergeschichte.<\/p>\n\n\n\n<p class=\"wp-block-paragraph\">Wer legte nun dieses Ei? Ein Ei, aus dem ein zweik\u00f6pfiges K\u00fcken schl\u00fcpft: &#8222;Pers\u00f6nlichkeit und Welt&#8220;. Und mit dem zweiten Kopf (Welt) bekommt es unz\u00e4hlige K\u00f6pfe.<\/p>\n\n\n\n<p class=\"wp-block-paragraph\">Welches ist jetzt das richtige K\u00fcken? &#8222;Piep, piep, piep&#8230; .&#8220;<\/p>\n\n\n\n<p class=\"wp-block-paragraph\">Nicht nur das Ei wirft so unz\u00e4hlige Fragen auf, es bleibt auch die grunds\u00e4tzliche Frage offen: <\/p>\n\n\n\n<p class=\"wp-block-paragraph\">&#8222;Was f\u00fcr ein Huhn legt solche Eier?&#8220; \ud83d\ude42<\/p>\n<div class=\"clearfix\"><span class='ldc-ul_cont' onclick=\"alter_ul_post_values(this,'4632','like')\" >gef\u00e4llt mir<img decoding=\"async\" src=\"http:\/\/ewig.es\/wordpress\/wp-content\/plugins\/like-dislike-counter-for-posts-pages-and-comments\/images\/up.png\" \/>(<span>4<\/span>)<\/span><span class='ldc-ul_cont' onclick=\"alter_ul_post_values(this,'4632','dislike')\" ><img decoding=\"async\" src=\"http:\/\/ewig.es\/wordpress\/wp-content\/plugins\/like-dislike-counter-for-posts-pages-and-comments\/images\/down.png\" \/>(<span>0<\/span>)<\/span><\/div>","protected":false},"excerpt":{"rendered":"<p>dass die Substanz des Universums nicht in der Materie liegt, sondern in etwas (im Sinne der Vielfalt) unbeschreiblichem dahinter, kann ich nat\u00fcrlich die Welt &#8222;virtuell&#8220; nennen, nur bildet sich der Mensch hier gerne zu viel darauf ein, dass er dadurch w\u00fcsste, was virtuell w\u00e4re. In diesem &#8222;Dahinter&#8220; (real &#8222;mit&#8220; und &#8222;als&#8220;) m\u00fcndet auch der pers\u00f6nliche &hellip; <a href=\"http:\/\/ewig.es\/index.php\/2022\/08\/16\/wenn-ich-erkenne\/\" class=\"more-link\"><span class=\"screen-reader-text\">\u201eWenn ich erkenne,\u201c<\/span> weiterlesen<\/a><\/p>\n","protected":false},"author":1,"featured_media":0,"comment_status":"open","ping_status":"closed","sticky":false,"template":"","format":"standard","meta":{"footnotes":""},"categories":[1],"tags":[],"class_list":["post-4632","post","type-post","status-publish","format-standard","hentry","category-tagebuch"],"_links":{"self":[{"href":"http:\/\/ewig.es\/index.php\/wp-json\/wp\/v2\/posts\/4632","targetHints":{"allow":["GET"]}}],"collection":[{"href":"http:\/\/ewig.es\/index.php\/wp-json\/wp\/v2\/posts"}],"about":[{"href":"http:\/\/ewig.es\/index.php\/wp-json\/wp\/v2\/types\/post"}],"author":[{"embeddable":true,"href":"http:\/\/ewig.es\/index.php\/wp-json\/wp\/v2\/users\/1"}],"replies":[{"embeddable":true,"href":"http:\/\/ewig.es\/index.php\/wp-json\/wp\/v2\/comments?post=4632"}],"version-history":[{"count":1,"href":"http:\/\/ewig.es\/index.php\/wp-json\/wp\/v2\/posts\/4632\/revisions"}],"predecessor-version":[{"id":4633,"href":"http:\/\/ewig.es\/index.php\/wp-json\/wp\/v2\/posts\/4632\/revisions\/4633"}],"wp:attachment":[{"href":"http:\/\/ewig.es\/index.php\/wp-json\/wp\/v2\/media?parent=4632"}],"wp:term":[{"taxonomy":"category","embeddable":true,"href":"http:\/\/ewig.es\/index.php\/wp-json\/wp\/v2\/categories?post=4632"},{"taxonomy":"post_tag","embeddable":true,"href":"http:\/\/ewig.es\/index.php\/wp-json\/wp\/v2\/tags?post=4632"}],"curies":[{"name":"wp","href":"https:\/\/api.w.org\/{rel}","templated":true}]}}