{"id":4637,"date":"2022-08-17T19:44:53","date_gmt":"2022-08-17T17:44:53","guid":{"rendered":"http:\/\/ewig.es\/?p=4637"},"modified":"2022-08-17T19:47:09","modified_gmt":"2022-08-17T17:47:09","slug":"heute-schaute-ich-ein-youtube","status":"publish","type":"post","link":"http:\/\/ewig.es\/index.php\/2022\/08\/17\/heute-schaute-ich-ein-youtube\/","title":{"rendered":"Heute schaute ich ein YouTube,"},"content":{"rendered":"\n<p class=\"wp-block-paragraph\">in dem jemand meinte: &#8222;Niemand kann erleuchtet sein.&#8220; Und da musste ich lachen, denn wo kommt &#8222;der Zweite&#8220; her?  Und dann das \u00fcbliche Ego-Thema:<\/p>\n\n\n\n<p class=\"wp-block-paragraph\">Die Beschw\u00f6rung des Zweiten (Ego) durch den sogenannten &#8222;Nondualisten.&#8220; \ud83d\ude42<\/p>\n\n\n\n<p class=\"wp-block-paragraph\">Mehr m\u00f6chte ich gar nicht dazu schreiben, aber wer sich die Frage einmal tiefer betrachten will: &#8222;Was w\u00fcrde das in der Konsequenz bedeuten, w\u00e4re die Welt im Wesen schon nondual?&#8220;<\/p>\n\n\n\n<p class=\"wp-block-paragraph\">Da ist nicht einmal mehr Platz f\u00fcr den mysteri\u00f6sen &#8222;Niemand&#8220;, der dann &#8222;erleuchtet sein k\u00f6nnte.&#8220;<\/p>\n\n\n\n<p class=\"wp-block-paragraph\">Auf der Jagd nach dem Ego erschufen die nondualistischen Ego-J\u00e4ger den &#8222;Niemand&#8220; als den nicht-zweiten Zweiten. Spiritueller Ego-Barock.<\/p>\n<div class=\"clearfix\"><span class='ldc-ul_cont' onclick=\"alter_ul_post_values(this,'4637','like')\" >gef\u00e4llt mir<img decoding=\"async\" src=\"http:\/\/ewig.es\/wordpress\/wp-content\/plugins\/like-dislike-counter-for-posts-pages-and-comments\/images\/up.png\" \/>(<span>0<\/span>)<\/span><span class='ldc-ul_cont' onclick=\"alter_ul_post_values(this,'4637','dislike')\" ><img decoding=\"async\" src=\"http:\/\/ewig.es\/wordpress\/wp-content\/plugins\/like-dislike-counter-for-posts-pages-and-comments\/images\/down.png\" \/>(<span>0<\/span>)<\/span><\/div>","protected":false},"excerpt":{"rendered":"<p>in dem jemand meinte: &#8222;Niemand kann erleuchtet sein.&#8220; Und da musste ich lachen, denn wo kommt &#8222;der Zweite&#8220; her? Und dann das \u00fcbliche Ego-Thema: Die Beschw\u00f6rung des Zweiten (Ego) durch den sogenannten &#8222;Nondualisten.&#8220; \ud83d\ude42 Mehr m\u00f6chte ich gar nicht dazu schreiben, aber wer sich die Frage einmal tiefer betrachten will: &#8222;Was w\u00fcrde das in der &hellip; <a href=\"http:\/\/ewig.es\/index.php\/2022\/08\/17\/heute-schaute-ich-ein-youtube\/\" class=\"more-link\"><span class=\"screen-reader-text\">\u201eHeute schaute ich ein YouTube,\u201c<\/span> weiterlesen<\/a><\/p>\n","protected":false},"author":1,"featured_media":0,"comment_status":"open","ping_status":"closed","sticky":false,"template":"","format":"standard","meta":{"footnotes":""},"categories":[1],"tags":[],"class_list":["post-4637","post","type-post","status-publish","format-standard","hentry","category-tagebuch"],"_links":{"self":[{"href":"http:\/\/ewig.es\/index.php\/wp-json\/wp\/v2\/posts\/4637","targetHints":{"allow":["GET"]}}],"collection":[{"href":"http:\/\/ewig.es\/index.php\/wp-json\/wp\/v2\/posts"}],"about":[{"href":"http:\/\/ewig.es\/index.php\/wp-json\/wp\/v2\/types\/post"}],"author":[{"embeddable":true,"href":"http:\/\/ewig.es\/index.php\/wp-json\/wp\/v2\/users\/1"}],"replies":[{"embeddable":true,"href":"http:\/\/ewig.es\/index.php\/wp-json\/wp\/v2\/comments?post=4637"}],"version-history":[{"count":2,"href":"http:\/\/ewig.es\/index.php\/wp-json\/wp\/v2\/posts\/4637\/revisions"}],"predecessor-version":[{"id":4639,"href":"http:\/\/ewig.es\/index.php\/wp-json\/wp\/v2\/posts\/4637\/revisions\/4639"}],"wp:attachment":[{"href":"http:\/\/ewig.es\/index.php\/wp-json\/wp\/v2\/media?parent=4637"}],"wp:term":[{"taxonomy":"category","embeddable":true,"href":"http:\/\/ewig.es\/index.php\/wp-json\/wp\/v2\/categories?post=4637"},{"taxonomy":"post_tag","embeddable":true,"href":"http:\/\/ewig.es\/index.php\/wp-json\/wp\/v2\/tags?post=4637"}],"curies":[{"name":"wp","href":"https:\/\/api.w.org\/{rel}","templated":true}]}}