{"id":4640,"date":"2022-08-17T20:08:11","date_gmt":"2022-08-17T18:08:11","guid":{"rendered":"http:\/\/ewig.es\/?p=4640"},"modified":"2022-08-17T20:20:14","modified_gmt":"2022-08-17T18:20:14","slug":"nondual-heisst","status":"publish","type":"post","link":"http:\/\/ewig.es\/index.php\/2022\/08\/17\/nondual-heisst\/","title":{"rendered":"Nondual hei\u00dft:"},"content":{"rendered":"\n<p class=\"wp-block-paragraph\">&#8222;Es gibt nur Ich.&#8220;<\/p>\n\n\n\n<p class=\"wp-block-paragraph\">Und wenn ich dann den Predigern auf Youtube zuh\u00f6re, die mir die hinterlistige KI von YouTube pr\u00e4sentiert, h\u00f6re ich ab und zu rein, und es klingt alles furchtbar kompliziert: &#8222;Die Gefahren vor der Erleuchtung&#8220;, &#8222;Die gr\u00f6\u00dften Hindernisse bei der Erleuchtung&#8220;, &#8222;Wie b\u00fcgle ich mein Ego und falte es richtig.&#8220; \ud83d\ude42<\/p>\n\n\n\n<p class=\"wp-block-paragraph\">Und allen k\u00f6nnte ich antworten: &#8222;Es gibt nur Ich.&#8220; Und wer es begreift, sieht alles, jedes Detail, in dieser &#8222;h\u00f6heren Macht&#8220; geschehen, die als nondual beschrieben wird.<\/p>\n\n\n\n<p class=\"wp-block-paragraph\">Alles geschieht, wie es geschieht, genau in der &#8222;richtigen&#8220; Weise und zum genau &#8222;richtigen&#8220; Zeitpunkt. Wobei hier &#8222;richtig&#8220; einfach hei\u00dft: In den H\u00e4nden der Nondualit\u00e4t. Es kann nicht anders geschehen, als es geschieht. Aber das schlie\u00dft nichts aus. Auch nicht relative Erw\u00e4gungen um &#8222;richtig&#8220; und &#8222;falsch&#8220;, also &#8222;besser&#8220; und &#8222;schlechter&#8220;.<\/p>\n\n\n\n<p class=\"wp-block-paragraph\">Das klingt oft so, als w\u00e4re der nonduale Mensch ein Kastrat im Geiste.<\/p>\n\n\n\n<p class=\"wp-block-paragraph\">Man darf meine Meinungs\u00e4u\u00dferungen gerne als Kommentar kritisieren, aber hier m\u00fcsste mir dann jemand endlich einmal dieses mysteri\u00f6se zweite Ich vorzeigen. Die meisten &#8222;Nondualisten&#8220; scheinen erhebliche Verdauungsschwierigkeiten mit einem, nondual gesehen, nicht vorhandenen Gespenst zu haben, das nur als Fiktion ihres Verst\u00e4ndnisses existiert: Nicht schon sie selbst (Ich) zu sein.<\/p>\n\n\n\n<p class=\"wp-block-paragraph\">Warum? Da es das Ich ist, was nondual ist.<\/p>\n<div class=\"clearfix\"><span class='ldc-ul_cont' onclick=\"alter_ul_post_values(this,'4640','like')\" >gef\u00e4llt mir<img decoding=\"async\" src=\"http:\/\/ewig.es\/wordpress\/wp-content\/plugins\/like-dislike-counter-for-posts-pages-and-comments\/images\/up.png\" \/>(<span>2<\/span>)<\/span><span class='ldc-ul_cont' onclick=\"alter_ul_post_values(this,'4640','dislike')\" ><img decoding=\"async\" src=\"http:\/\/ewig.es\/wordpress\/wp-content\/plugins\/like-dislike-counter-for-posts-pages-and-comments\/images\/down.png\" \/>(<span>0<\/span>)<\/span><\/div>","protected":false},"excerpt":{"rendered":"<p>&#8222;Es gibt nur Ich.&#8220; Und wenn ich dann den Predigern auf Youtube zuh\u00f6re, die mir die hinterlistige KI von YouTube pr\u00e4sentiert, h\u00f6re ich ab und zu rein, und es klingt alles furchtbar kompliziert: &#8222;Die Gefahren vor der Erleuchtung&#8220;, &#8222;Die gr\u00f6\u00dften Hindernisse bei der Erleuchtung&#8220;, &#8222;Wie b\u00fcgle ich mein Ego und falte es richtig.&#8220; \ud83d\ude42 Und &hellip; <a href=\"http:\/\/ewig.es\/index.php\/2022\/08\/17\/nondual-heisst\/\" class=\"more-link\"><span class=\"screen-reader-text\">\u201eNondual hei\u00dft:\u201c<\/span> weiterlesen<\/a><\/p>\n","protected":false},"author":1,"featured_media":0,"comment_status":"open","ping_status":"closed","sticky":false,"template":"","format":"standard","meta":{"footnotes":""},"categories":[1],"tags":[],"class_list":["post-4640","post","type-post","status-publish","format-standard","hentry","category-tagebuch"],"_links":{"self":[{"href":"http:\/\/ewig.es\/index.php\/wp-json\/wp\/v2\/posts\/4640","targetHints":{"allow":["GET"]}}],"collection":[{"href":"http:\/\/ewig.es\/index.php\/wp-json\/wp\/v2\/posts"}],"about":[{"href":"http:\/\/ewig.es\/index.php\/wp-json\/wp\/v2\/types\/post"}],"author":[{"embeddable":true,"href":"http:\/\/ewig.es\/index.php\/wp-json\/wp\/v2\/users\/1"}],"replies":[{"embeddable":true,"href":"http:\/\/ewig.es\/index.php\/wp-json\/wp\/v2\/comments?post=4640"}],"version-history":[{"count":6,"href":"http:\/\/ewig.es\/index.php\/wp-json\/wp\/v2\/posts\/4640\/revisions"}],"predecessor-version":[{"id":4647,"href":"http:\/\/ewig.es\/index.php\/wp-json\/wp\/v2\/posts\/4640\/revisions\/4647"}],"wp:attachment":[{"href":"http:\/\/ewig.es\/index.php\/wp-json\/wp\/v2\/media?parent=4640"}],"wp:term":[{"taxonomy":"category","embeddable":true,"href":"http:\/\/ewig.es\/index.php\/wp-json\/wp\/v2\/categories?post=4640"},{"taxonomy":"post_tag","embeddable":true,"href":"http:\/\/ewig.es\/index.php\/wp-json\/wp\/v2\/tags?post=4640"}],"curies":[{"name":"wp","href":"https:\/\/api.w.org\/{rel}","templated":true}]}}