{"id":4653,"date":"2022-08-17T21:22:59","date_gmt":"2022-08-17T19:22:59","guid":{"rendered":"http:\/\/ewig.es\/?p=4653"},"modified":"2022-08-17T21:25:20","modified_gmt":"2022-08-17T19:25:20","slug":"das-erkennen-des-nondualen","status":"publish","type":"post","link":"http:\/\/ewig.es\/index.php\/2022\/08\/17\/das-erkennen-des-nondualen\/","title":{"rendered":"Das Erkennen des Nondualen"},"content":{"rendered":"\n<p class=\"wp-block-paragraph\">ist prim\u00e4r ein emotionales Erkennen, das in der Vertiefung geschieht.<\/p>\n\n\n\n<p class=\"wp-block-paragraph\">Die gef\u00fchlte (pers\u00f6nlich) Verschmelzung von Ich und Wirklichkeit.<\/p>\n\n\n\n<p class=\"wp-block-paragraph\">Diese Erkenntnis ist weit mehr eine emotionale als eine intellektuelle.<\/p>\n\n\n\n<p class=\"wp-block-paragraph\">In dieser empfundenen Verschmelzung ber\u00fchre ich so pers\u00f6nlich den Urgrund, das, was mich wirklich tr\u00e4gt. Das sogenannte Selbst. Und das ist der einzig &#8222;feste&#8220; Grund, den es im Universum gibt.<\/p>\n\n\n\n<p class=\"wp-block-paragraph\">Und er ist immer hier. Warum? Da er fest ist. Nur hat er eben, zugegeben f\u00fcr das Verst\u00e4ndnis eine Imponderabilie: keine Gestalt.<\/p>\n\n\n\n<p class=\"wp-block-paragraph\">Auch nicht als gef\u00fcrchtetes &#8222;Ego&#8220;. \ud83d\ude42<\/p>\n\n\n\n<p class=\"wp-block-paragraph\"><\/p>\n\n\n\n<p class=\"wp-block-paragraph\"><\/p>\n\n\n\n<p class=\"wp-block-paragraph\"> <\/p>\n<div class=\"clearfix\"><span class='ldc-ul_cont' onclick=\"alter_ul_post_values(this,'4653','like')\" >gef\u00e4llt mir<img decoding=\"async\" src=\"http:\/\/ewig.es\/wordpress\/wp-content\/plugins\/like-dislike-counter-for-posts-pages-and-comments\/images\/up.png\" \/>(<span>3<\/span>)<\/span><span class='ldc-ul_cont' onclick=\"alter_ul_post_values(this,'4653','dislike')\" ><img decoding=\"async\" src=\"http:\/\/ewig.es\/wordpress\/wp-content\/plugins\/like-dislike-counter-for-posts-pages-and-comments\/images\/down.png\" \/>(<span>0<\/span>)<\/span><\/div>","protected":false},"excerpt":{"rendered":"<p>ist prim\u00e4r ein emotionales Erkennen, das in der Vertiefung geschieht. Die gef\u00fchlte (pers\u00f6nlich) Verschmelzung von Ich und Wirklichkeit. Diese Erkenntnis ist weit mehr eine emotionale als eine intellektuelle. In dieser empfundenen Verschmelzung ber\u00fchre ich so pers\u00f6nlich den Urgrund, das, was mich wirklich tr\u00e4gt. Das sogenannte Selbst. Und das ist der einzig &#8222;feste&#8220; Grund, den es &hellip; <a href=\"http:\/\/ewig.es\/index.php\/2022\/08\/17\/das-erkennen-des-nondualen\/\" class=\"more-link\"><span class=\"screen-reader-text\">\u201eDas Erkennen des Nondualen\u201c<\/span> weiterlesen<\/a><\/p>\n","protected":false},"author":1,"featured_media":0,"comment_status":"open","ping_status":"closed","sticky":false,"template":"","format":"standard","meta":{"footnotes":""},"categories":[1],"tags":[],"class_list":["post-4653","post","type-post","status-publish","format-standard","hentry","category-tagebuch"],"_links":{"self":[{"href":"http:\/\/ewig.es\/index.php\/wp-json\/wp\/v2\/posts\/4653","targetHints":{"allow":["GET"]}}],"collection":[{"href":"http:\/\/ewig.es\/index.php\/wp-json\/wp\/v2\/posts"}],"about":[{"href":"http:\/\/ewig.es\/index.php\/wp-json\/wp\/v2\/types\/post"}],"author":[{"embeddable":true,"href":"http:\/\/ewig.es\/index.php\/wp-json\/wp\/v2\/users\/1"}],"replies":[{"embeddable":true,"href":"http:\/\/ewig.es\/index.php\/wp-json\/wp\/v2\/comments?post=4653"}],"version-history":[{"count":3,"href":"http:\/\/ewig.es\/index.php\/wp-json\/wp\/v2\/posts\/4653\/revisions"}],"predecessor-version":[{"id":4656,"href":"http:\/\/ewig.es\/index.php\/wp-json\/wp\/v2\/posts\/4653\/revisions\/4656"}],"wp:attachment":[{"href":"http:\/\/ewig.es\/index.php\/wp-json\/wp\/v2\/media?parent=4653"}],"wp:term":[{"taxonomy":"category","embeddable":true,"href":"http:\/\/ewig.es\/index.php\/wp-json\/wp\/v2\/categories?post=4653"},{"taxonomy":"post_tag","embeddable":true,"href":"http:\/\/ewig.es\/index.php\/wp-json\/wp\/v2\/tags?post=4653"}],"curies":[{"name":"wp","href":"https:\/\/api.w.org\/{rel}","templated":true}]}}