{"id":4657,"date":"2022-08-17T23:42:55","date_gmt":"2022-08-17T21:42:55","guid":{"rendered":"http:\/\/ewig.es\/?p=4657"},"modified":"2022-08-17T23:44:24","modified_gmt":"2022-08-17T21:44:24","slug":"ich-hatte-heute-lust","status":"publish","type":"post","link":"http:\/\/ewig.es\/index.php\/2022\/08\/17\/ich-hatte-heute-lust\/","title":{"rendered":"Ich hatte heute Lust,"},"content":{"rendered":"\n<p class=\"wp-block-paragraph\">\u00fcber Nondualit\u00e4t zu schreiben, da das Thema weit unkomplizierter ist, als auf YouTube vielf\u00e4ltig vermutet.<\/p>\n\n\n\n<p class=\"wp-block-paragraph\">Das sogenannte &#8222;Ego&#8220;, ich sage Trennungsgedanke (eine tiefe \u00dcberzeugung), ist eine soziale Erfindung.<\/p>\n\n\n\n<p class=\"wp-block-paragraph\">Wie soll ich auch die vielen &#8222;Ich&#8220; auseinander halten? \ud83d\ude42<\/p>\n\n\n\n<p class=\"wp-block-paragraph\">Er hat auf der Ebene dieses sichtbaren Universums eine gewisse Ordnung in die Spezies gebracht, nur bleibt dabei jeder Spezi auf der Ebene des Ich die Spezies. \ud83d\ude42<\/p>\n\n\n\n<p class=\"wp-block-paragraph\">Das ist einerseits fatal, andererseits auch ein pers\u00f6nlicher Bewegungsfreiraum, sei er nun illusion\u00e4r oder realer Einfluss. <\/p>\n\n\n\n<p class=\"wp-block-paragraph\">Ich muss mich gerade in dieser Frage sozial (in der Meinung) emanzipieren k\u00f6nnen, um f\u00fcr mich selbst die Frage zu kl\u00e4ren. <\/p>\n\n\n\n<p class=\"wp-block-paragraph\">In diesem Ereignis bin ich eine Pers\u00f6nlichkeit wie unz\u00e4hlige. \u00dcber dieses Ereignis hinaus (gr\u00f6\u00dferer Rahmen) bin ich das Selbst.<\/p>\n\n\n\n<p class=\"wp-block-paragraph\">Und die einen sehen sich von b\u00f6sen D\u00e4monen gejagt, auf der Flucht in die H\u00f6hen des Lichtes, was immer das dann sein soll. Andere zittern vor dem Leibhaftigen. \ud83d\ude42<\/p>\n\n\n\n<p class=\"wp-block-paragraph\">Ich m\u00f6chte dabei auch nicht weiter st\u00f6ren, nur, sie bleiben dieselbe Fiktion wie das &#8222;Ego&#8220;. Das ist in meinen Augen ein Kindergarten voller Gespenstergeschichten.<\/p>\n\n\n\n<p class=\"wp-block-paragraph\">Da ist einfach das Selbst. Und was es ist, wei\u00df ich auch nicht. Und f\u00fcr Vermutungen bin ich heute zu m\u00fcde. <\/p>\n\n\n\n<p class=\"wp-block-paragraph\"><\/p>\n\n\n\n<p class=\"wp-block-paragraph\"><\/p>\n<div class=\"clearfix\"><span class='ldc-ul_cont' onclick=\"alter_ul_post_values(this,'4657','like')\" >gef\u00e4llt mir<img decoding=\"async\" src=\"http:\/\/ewig.es\/wordpress\/wp-content\/plugins\/like-dislike-counter-for-posts-pages-and-comments\/images\/up.png\" \/>(<span>3<\/span>)<\/span><span class='ldc-ul_cont' onclick=\"alter_ul_post_values(this,'4657','dislike')\" ><img decoding=\"async\" src=\"http:\/\/ewig.es\/wordpress\/wp-content\/plugins\/like-dislike-counter-for-posts-pages-and-comments\/images\/down.png\" \/>(<span>0<\/span>)<\/span><\/div>","protected":false},"excerpt":{"rendered":"<p>\u00fcber Nondualit\u00e4t zu schreiben, da das Thema weit unkomplizierter ist, als auf YouTube vielf\u00e4ltig vermutet. Das sogenannte &#8222;Ego&#8220;, ich sage Trennungsgedanke (eine tiefe \u00dcberzeugung), ist eine soziale Erfindung. Wie soll ich auch die vielen &#8222;Ich&#8220; auseinander halten? \ud83d\ude42 Er hat auf der Ebene dieses sichtbaren Universums eine gewisse Ordnung in die Spezies gebracht, nur bleibt &hellip; <a href=\"http:\/\/ewig.es\/index.php\/2022\/08\/17\/ich-hatte-heute-lust\/\" class=\"more-link\"><span class=\"screen-reader-text\">\u201eIch hatte heute Lust,\u201c<\/span> weiterlesen<\/a><\/p>\n","protected":false},"author":1,"featured_media":0,"comment_status":"open","ping_status":"closed","sticky":false,"template":"","format":"standard","meta":{"footnotes":""},"categories":[1],"tags":[],"class_list":["post-4657","post","type-post","status-publish","format-standard","hentry","category-tagebuch"],"_links":{"self":[{"href":"http:\/\/ewig.es\/index.php\/wp-json\/wp\/v2\/posts\/4657","targetHints":{"allow":["GET"]}}],"collection":[{"href":"http:\/\/ewig.es\/index.php\/wp-json\/wp\/v2\/posts"}],"about":[{"href":"http:\/\/ewig.es\/index.php\/wp-json\/wp\/v2\/types\/post"}],"author":[{"embeddable":true,"href":"http:\/\/ewig.es\/index.php\/wp-json\/wp\/v2\/users\/1"}],"replies":[{"embeddable":true,"href":"http:\/\/ewig.es\/index.php\/wp-json\/wp\/v2\/comments?post=4657"}],"version-history":[{"count":3,"href":"http:\/\/ewig.es\/index.php\/wp-json\/wp\/v2\/posts\/4657\/revisions"}],"predecessor-version":[{"id":4660,"href":"http:\/\/ewig.es\/index.php\/wp-json\/wp\/v2\/posts\/4657\/revisions\/4660"}],"wp:attachment":[{"href":"http:\/\/ewig.es\/index.php\/wp-json\/wp\/v2\/media?parent=4657"}],"wp:term":[{"taxonomy":"category","embeddable":true,"href":"http:\/\/ewig.es\/index.php\/wp-json\/wp\/v2\/categories?post=4657"},{"taxonomy":"post_tag","embeddable":true,"href":"http:\/\/ewig.es\/index.php\/wp-json\/wp\/v2\/tags?post=4657"}],"curies":[{"name":"wp","href":"https:\/\/api.w.org\/{rel}","templated":true}]}}