{"id":4682,"date":"2022-08-25T04:13:35","date_gmt":"2022-08-25T02:13:35","guid":{"rendered":"http:\/\/ewig.es\/?p=4682"},"modified":"2022-08-25T04:20:11","modified_gmt":"2022-08-25T02:20:11","slug":"nachdem-macron-das-ende-des-ueberflusses-angekuendigt","status":"publish","type":"post","link":"http:\/\/ewig.es\/index.php\/2022\/08\/25\/nachdem-macron-das-ende-des-ueberflusses-angekuendigt\/","title":{"rendered":"Nachdem Macron das &#8222;Ende des \u00dcberflusses&#8220; angek\u00fcndigt"},"content":{"rendered":"\n<p class=\"wp-block-paragraph\">und dadurch einen Shitstorm losgetreten hat, kann ich mir gut vorstellen, dass mit dem Winter wieder die &#8222;gilet jaunes&#8220; (Gelbwestenbewegung) aktiv werden.<\/p>\n\n\n\n<p class=\"wp-block-paragraph\">Ich habe inzwischen mehrere &#8222;gilet jaunes&#8220;, da das Tagen desselben in Frankreich auf dem Fahrrad Pflicht ist, so wie ich Ballungszentren verlasse.<\/p>\n\n\n\n<p class=\"wp-block-paragraph\">Das k\u00f6nnte praktisch sein, denn derzeit halte ich mich am liebsten raus. Da ich ein &#8222;gilet jaune&#8220; tragen muss, wei\u00df niemand, ob ich dazu geh\u00f6re oder nicht und mogle mich dann so mit dem Fahrrad durch m\u00f6gliche Stra\u00dfensperren. \ud83d\ude42<\/p>\n\n\n\n<p class=\"wp-block-paragraph\">Ich pers\u00f6nlich bin wohlgemut, da mich mein Leben hier erf\u00fcllt, aber traue dem Braten nicht so recht, der als  Mischung aus Corona, Energiekrise, Versorgungsengp\u00e4ssen und wom\u00f6glich Extremwetterereignissen auf das Soziale  zukommen k\u00f6nnte.<\/p>\n\n\n\n<p class=\"wp-block-paragraph\">Meiner Ansicht nach hat Macron recht, aber ber\u00fchrt es die Lebenssubstanz (wie die Klimaerw\u00e4rmung), muss das nat\u00fcrlich bedeuten, dass der Einschnitt f\u00fcr alle in gleicher Weise gelten m\u00fcsste. Explosionsgefahr.<\/p>\n\n\n\n<p class=\"wp-block-paragraph\">Vermutlich wird die kommende Lage pers\u00f6nlich noch anspruchsvoller als am Anfang der Pandemie, aber wer meinem Hingabe-Satsang aufmerksam gefolgt ist, hat auch das R\u00fcstzeug, sich \u00fcber die zweite und h\u00f6her Welle des Tsunami tragen zu lassen. Das ist auch ein wenig scherzhaft gemeint. \ud83d\ude42<\/p>\n\n\n\n<p class=\"wp-block-paragraph\">Es wird nun noch etwas &#8222;anspruchsvoller&#8220;. Seit dem Tsunami in Japan ist mir bewusst geworden, dass sich Extremereignisse gerne b\u00fcndeln. Alles, was wir mit einer Wahrscheinlichkeit belegen, z.B. &#8222;einmal in tausend Jahren&#8220;, ist gerne eine Kaskade von Ereignissen, in der die eine Unwahrscheinlichkeit mit gro\u00dfer Wahrscheinlichkeit die n\u00e4chste Unwahrscheinlichkeit triggert. \ud83d\ude42<\/p>\n\n\n\n<p class=\"wp-block-paragraph\">Und sie sagen alle nacheinander &#8222;Guten Tag&#8220; und zuletzt fliegt noch das Kernkraftwerk in die Luft. Und die letzte Brauerei dazu. <\/p>\n\n\n\n<p class=\"wp-block-paragraph\">Gerne darf man mich einen Pessimisten nennen, der ich nat\u00fcrlich auf der Verst\u00e4ndnisebene derzeit bin, aber ich sehe das pers\u00f6nlich immer auch als &#8222;sportliche Herausforderung&#8220;: &#8222;Jetzt geh mal damit um.&#8220; <\/p>\n\n\n\n<p class=\"wp-block-paragraph\">Und darin bleibt selbst der &#8222;h\u00f6chste&#8220; Meister immer ein Sch\u00fcler, der des wahren Meisters, der hinter dem Gesamtereignis steht. Und gegen den sind alle menschlichen Meister Zwerge, die er durch die Arena jagt, wie er will,<\/p>\n\n\n\n<p class=\"wp-block-paragraph\">denn gegen &#8222;ihn&#8220; hat niemand eine wirkliche Chance, so ganz pers\u00f6nlich, auch wenn wir in der Identit\u00e4t nicht von dieser Instanz getrennt sind, die wir &#8222;Gott&#8220; nennen. <\/p>\n\n\n\n<p class=\"wp-block-paragraph\">Und aus guten Gr\u00fcnden geht es dem Menschen in der Beziehung zu diesem mysteri\u00f6sen &#8222;Gott&#8220; gerne wie meinen H\u00fchnern in ihrer Beziehung zu mir. \ud83d\ude42<\/p>\n\n\n\n<p class=\"wp-block-paragraph\">Aber es ist auch eine relative Beziehung auf &#8222;Ewigkeit&#8220;. Und wenn es eine Beziehung gibt, die es wirklich wert ist, gekl\u00e4rt zu werden, ist es diese &#8222;spirituellen Beziehung&#8220; zu &#8222;Gott&#8220;. Und \u00fcber die Beziehung zum &#8222;leeren Gott&#8220; (Selbsterkenntnis) geht es zur\u00fcck in die Beziehung zum &#8222;vollen Gott&#8220;.<\/p>\n\n\n\n<p class=\"wp-block-paragraph\">Und diese Beziehung ist sehr pers\u00f6nlich. Und damit auch das Thema &#8222;Hingabe&#8220;.<\/p>\n\n\n\n<p class=\"wp-block-paragraph\">Falls diese Welle kommt, veranstalte ich hier wieder etwas, also die Weiterf\u00fchrung im Thema &#8222;Hingabe&#8220;, aber nicht mehr auf Facebook. <\/p>\n\n\n\n<p class=\"wp-block-paragraph\">Das ist dann einfach hier, wer Lust hat, schaut rein, wer nicht, l\u00e4sst es bleiben. Und kommt niemand, diente es rein meiner pers\u00f6nlichen Unterhaltung. Es ist kaum zu glauben, aber das kann schon v\u00f6llig gen\u00fcgen. \ud83d\ude09<\/p>\n\n\n\n<p class=\"wp-block-paragraph\"><\/p>\n<div class=\"clearfix\"><span class='ldc-ul_cont' onclick=\"alter_ul_post_values(this,'4682','like')\" >gef\u00e4llt mir<img decoding=\"async\" src=\"http:\/\/ewig.es\/wordpress\/wp-content\/plugins\/like-dislike-counter-for-posts-pages-and-comments\/images\/up.png\" \/>(<span>5<\/span>)<\/span><span class='ldc-ul_cont' onclick=\"alter_ul_post_values(this,'4682','dislike')\" ><img decoding=\"async\" src=\"http:\/\/ewig.es\/wordpress\/wp-content\/plugins\/like-dislike-counter-for-posts-pages-and-comments\/images\/down.png\" \/>(<span>0<\/span>)<\/span><\/div>","protected":false},"excerpt":{"rendered":"<p>und dadurch einen Shitstorm losgetreten hat, kann ich mir gut vorstellen, dass mit dem Winter wieder die &#8222;gilet jaunes&#8220; (Gelbwestenbewegung) aktiv werden. Ich habe inzwischen mehrere &#8222;gilet jaunes&#8220;, da das Tagen desselben in Frankreich auf dem Fahrrad Pflicht ist, so wie ich Ballungszentren verlasse. Das k\u00f6nnte praktisch sein, denn derzeit halte ich mich am liebsten &hellip; <a href=\"http:\/\/ewig.es\/index.php\/2022\/08\/25\/nachdem-macron-das-ende-des-ueberflusses-angekuendigt\/\" class=\"more-link\"><span class=\"screen-reader-text\">\u201eNachdem Macron das &#8222;Ende des \u00dcberflusses&#8220; angek\u00fcndigt\u201c<\/span> weiterlesen<\/a><\/p>\n","protected":false},"author":1,"featured_media":0,"comment_status":"open","ping_status":"closed","sticky":false,"template":"","format":"standard","meta":{"footnotes":""},"categories":[1],"tags":[],"class_list":["post-4682","post","type-post","status-publish","format-standard","hentry","category-tagebuch"],"_links":{"self":[{"href":"http:\/\/ewig.es\/index.php\/wp-json\/wp\/v2\/posts\/4682","targetHints":{"allow":["GET"]}}],"collection":[{"href":"http:\/\/ewig.es\/index.php\/wp-json\/wp\/v2\/posts"}],"about":[{"href":"http:\/\/ewig.es\/index.php\/wp-json\/wp\/v2\/types\/post"}],"author":[{"embeddable":true,"href":"http:\/\/ewig.es\/index.php\/wp-json\/wp\/v2\/users\/1"}],"replies":[{"embeddable":true,"href":"http:\/\/ewig.es\/index.php\/wp-json\/wp\/v2\/comments?post=4682"}],"version-history":[{"count":6,"href":"http:\/\/ewig.es\/index.php\/wp-json\/wp\/v2\/posts\/4682\/revisions"}],"predecessor-version":[{"id":4689,"href":"http:\/\/ewig.es\/index.php\/wp-json\/wp\/v2\/posts\/4682\/revisions\/4689"}],"wp:attachment":[{"href":"http:\/\/ewig.es\/index.php\/wp-json\/wp\/v2\/media?parent=4682"}],"wp:term":[{"taxonomy":"category","embeddable":true,"href":"http:\/\/ewig.es\/index.php\/wp-json\/wp\/v2\/categories?post=4682"},{"taxonomy":"post_tag","embeddable":true,"href":"http:\/\/ewig.es\/index.php\/wp-json\/wp\/v2\/tags?post=4682"}],"curies":[{"name":"wp","href":"https:\/\/api.w.org\/{rel}","templated":true}]}}