{"id":4692,"date":"2022-08-26T14:40:44","date_gmt":"2022-08-26T12:40:44","guid":{"rendered":"http:\/\/ewig.es\/?p=4692"},"modified":"2022-08-26T20:14:30","modified_gmt":"2022-08-26T18:14:30","slug":"hingabe","status":"publish","type":"post","link":"http:\/\/ewig.es\/index.php\/2022\/08\/26\/hingabe\/","title":{"rendered":"Hingabe"},"content":{"rendered":"\n<p class=\"wp-block-paragraph\">Hingabe ist sozial gerne ein missverst\u00e4ndliches Thema, da vermutet wird, mit Hingabe sei eine richtige oder falsche Denkweise bzw. Handlungsweise verbunden. Was halb unbewusst (emotional) den Eindruck n\u00e4hrt: &#8222;Wenn ich mich nur richtig verhalte, das richtige denke, bzw. nicht denke, w\u00e4re ich &#8222;hingegeben.&#8220; &#8222;<\/p>\n\n\n\n<p class=\"wp-block-paragraph\">Wenn sich jemand auf die ihm erscheinende Pers\u00f6nlichkeit beschr\u00e4nkt (glaubt), w\u00e4re das auch eine logische Schlussfolgerung, nur geht sie von einer falschen Grundannahme aus: &#8222;Ich bin nur diese Pers\u00f6nlichkeit.&#8220;<\/p>\n\n\n\n<p class=\"wp-block-paragraph\">Logik kommt auch nur zu treffenden Ergebnissen, taugen die Grundannahmen etwas, aus denen sie eine &#8222;Wahrheit&#8220; ableitet. Ich schweife ab&#8230;<\/p>\n\n\n\n<p class=\"wp-block-paragraph\">aber sage gleich: &#8222;Hingabe hat nichts damit zu tun, was ich gerade tue oder lasse.&#8220; Es ist viel mehr meine Teilnahme daran. Und ich sage auch gleich &#8222;meine&#8220;, denn das Ich ist involviert. \ud83d\ude42<\/p>\n\n\n\n<p class=\"wp-block-paragraph\">Wenn sie im Wesen weder die &#8222;richtige&#8220; Denkweise noch die &#8222;richtige&#8220; Handlung ist, was ist sie dann?<\/p>\n\n\n\n<p class=\"wp-block-paragraph\">Die erste &#8222;Lehranweisung&#8220;, die Ramana jemals gab, lautete (die Frage war, wie ich ein Mantra &#8222;richtig&#8220; anwende): &#8222;Richte deine Aufmerksamkeit auf das, woraus der Laut des Mantra erw\u00e4chst.&#8220;<\/p>\n\n\n\n<p class=\"wp-block-paragraph\">Und hier entsteht sozial auch gerne der Eindruck, dieses &#8222;das&#8220; sei irgendwo weit weg oder tief innen verborgen, aber es ist genau hier, ganz an der &#8222;Oberfl\u00e4che.&#8220;<\/p>\n\n\n\n<p class=\"wp-block-paragraph\">Wie das Gef\u00fchl, getrennt zu sein erodiert, verschmelzen &#8222;Ich&#8220; und &#8222;Realit\u00e4t&#8220; ( als Tr\u00e4ger von Pers\u00f6nlichkeit und Welt) zu einem Hintergrund: &#8222;Das.&#8220;<\/p>\n\n\n\n<p class=\"wp-block-paragraph\">Und dieser Hintergrund, der auch &#8222;Ich&#8220; genannt wird, ist &#8222;die Quelle&#8220; des Lautes des Mantra. Das Mantra selbst spielt dabei gar keine Rolle, das kann lauten, wie es will. Und ich kann auch einen visuellen Eindruck w\u00e4hlen, zum Beispiel den Bildschirm, um meine Aufmerksamkeit auf &#8222;Das&#8220; zu richten, in dem dieser Bildschirm erscheint. Interessant ist dabei nicht, was erscheint, sondern worin es erscheint: &#8222;Das.&#8220; \ud83d\ude42<\/p>\n\n\n\n<p class=\"wp-block-paragraph\">Jedoch, was hat das, bzw. &#8222;Das&#8220;, mit Hingabe zu tun?<\/p>\n\n\n\n<p class=\"wp-block-paragraph\">Je mehr ich meine Aufmerksamkeit auf &#8222;Das&#8220; (mich selbst) richte, desto mehr verlagert sich Identit\u00e4t auch in diesen &#8222;Hintergrund&#8220;, denn ich ber\u00fchre dabei auch immer &#8222;die Quelle&#8220; des Ich-Empfindens. Sie erwachsen (oder stehen) &#8222;beide&#8220; im selben Hintergrund, der eigentlich &#8222;Ich&#8220; ist. \ud83d\ude42<\/p>\n\n\n\n<p class=\"wp-block-paragraph\">Ich ist zwar sichtbar auf Pers\u00f6nlichkeit begrenzt, aber f\u00fcllt unsichtbar alles aus, also den ganzen Hintergrund, auch ohne, dass ich dadurch von diesem Ereignis pers\u00f6nlich mehr beanspruchen m\u00fcsste oder k\u00f6nnte, als ich tue oder lasse.&#8220;<\/p>\n\n\n\n<p class=\"wp-block-paragraph\">Hingabe ist so auch keine Anstrengung, auch erscheint sie erst einmal pers\u00f6nlich anstrengend zu sein.<\/p>\n\n\n\n<p class=\"wp-block-paragraph\"><\/p>\n<div class=\"clearfix\"><span class='ldc-ul_cont' onclick=\"alter_ul_post_values(this,'4692','like')\" >gef\u00e4llt mir<img decoding=\"async\" src=\"http:\/\/ewig.es\/wordpress\/wp-content\/plugins\/like-dislike-counter-for-posts-pages-and-comments\/images\/up.png\" \/>(<span>3<\/span>)<\/span><span class='ldc-ul_cont' onclick=\"alter_ul_post_values(this,'4692','dislike')\" ><img decoding=\"async\" src=\"http:\/\/ewig.es\/wordpress\/wp-content\/plugins\/like-dislike-counter-for-posts-pages-and-comments\/images\/down.png\" \/>(<span>0<\/span>)<\/span><\/div>","protected":false},"excerpt":{"rendered":"<p>Hingabe ist sozial gerne ein missverst\u00e4ndliches Thema, da vermutet wird, mit Hingabe sei eine richtige oder falsche Denkweise bzw. Handlungsweise verbunden. Was halb unbewusst (emotional) den Eindruck n\u00e4hrt: &#8222;Wenn ich mich nur richtig verhalte, das richtige denke, bzw. nicht denke, w\u00e4re ich &#8222;hingegeben.&#8220; &#8222; Wenn sich jemand auf die ihm erscheinende Pers\u00f6nlichkeit beschr\u00e4nkt (glaubt), w\u00e4re &hellip; <a href=\"http:\/\/ewig.es\/index.php\/2022\/08\/26\/hingabe\/\" class=\"more-link\"><span class=\"screen-reader-text\">\u201eHingabe\u201c<\/span> weiterlesen<\/a><\/p>\n","protected":false},"author":1,"featured_media":0,"comment_status":"open","ping_status":"closed","sticky":false,"template":"","format":"standard","meta":{"footnotes":""},"categories":[1],"tags":[],"class_list":["post-4692","post","type-post","status-publish","format-standard","hentry","category-tagebuch"],"_links":{"self":[{"href":"http:\/\/ewig.es\/index.php\/wp-json\/wp\/v2\/posts\/4692","targetHints":{"allow":["GET"]}}],"collection":[{"href":"http:\/\/ewig.es\/index.php\/wp-json\/wp\/v2\/posts"}],"about":[{"href":"http:\/\/ewig.es\/index.php\/wp-json\/wp\/v2\/types\/post"}],"author":[{"embeddable":true,"href":"http:\/\/ewig.es\/index.php\/wp-json\/wp\/v2\/users\/1"}],"replies":[{"embeddable":true,"href":"http:\/\/ewig.es\/index.php\/wp-json\/wp\/v2\/comments?post=4692"}],"version-history":[{"count":4,"href":"http:\/\/ewig.es\/index.php\/wp-json\/wp\/v2\/posts\/4692\/revisions"}],"predecessor-version":[{"id":4697,"href":"http:\/\/ewig.es\/index.php\/wp-json\/wp\/v2\/posts\/4692\/revisions\/4697"}],"wp:attachment":[{"href":"http:\/\/ewig.es\/index.php\/wp-json\/wp\/v2\/media?parent=4692"}],"wp:term":[{"taxonomy":"category","embeddable":true,"href":"http:\/\/ewig.es\/index.php\/wp-json\/wp\/v2\/categories?post=4692"},{"taxonomy":"post_tag","embeddable":true,"href":"http:\/\/ewig.es\/index.php\/wp-json\/wp\/v2\/tags?post=4692"}],"curies":[{"name":"wp","href":"https:\/\/api.w.org\/{rel}","templated":true}]}}