{"id":4707,"date":"2022-08-28T06:40:53","date_gmt":"2022-08-28T04:40:53","guid":{"rendered":"http:\/\/ewig.es\/?p=4707"},"modified":"2022-08-28T06:42:54","modified_gmt":"2022-08-28T04:42:54","slug":"persoenlichkeit","status":"publish","type":"post","link":"http:\/\/ewig.es\/index.php\/2022\/08\/28\/persoenlichkeit\/","title":{"rendered":"Pers\u00f6nlichkeit"},"content":{"rendered":"\n<p class=\"wp-block-paragraph\">Wie im letzten Beitrag thematisiert &#8211; und ich komme zur h\u00f6chsten paranormalen (aus unserer Sicht \ud83d\ude42 ) F\u00e4higkeit des Bewusstseins: sich eine Pers\u00f6nlichkeit verleihen zu k\u00f6nnen.<\/p>\n\n\n\n<p class=\"wp-block-paragraph\">Fatalerweise bin ich als der Depp, der ich als Mensch bin, in meinem Menschsein mit der h\u00f6chsten paranormalen F\u00e4higkeit des Selbst konfrontiert: sich einen Deppenzoo zuzulegen. \ud83d\ude42<\/p>\n\n\n\n<p class=\"wp-block-paragraph\">&#8222;Welcher Depp willst du heute sein?&#8220;<\/p>\n\n\n\n<p class=\"wp-block-paragraph\">Und dabei scheint es im Hintergrund spitzb\u00fcbisch zu lachen, wie ein Kind, das sich \u00fcber alles belustigt. Und bekommt es eine Ohrfeige, schreit es laut, aber gleich lacht es wieder, das es sich mit der Ohrfeige gar nicht identifiziert. Sie bleibt nicht kleben. \ud83d\ude42<\/p>\n\n\n\n<p class=\"wp-block-paragraph\">Die Trag\u00f6die Pers\u00f6nlichkeit.<\/p>\n\n\n\n<p class=\"wp-block-paragraph\">Ich sah darin fr\u00fcher, besonders vor meinem Erwachen, auch eine f\u00fcrchterliche Trag\u00f6die. Aber im Laufe der Jahre tritt hier eine erstaunliche Entspannung ein.<\/p>\n\n\n\n<p class=\"wp-block-paragraph\">Menschliche Pers\u00f6nlichkeit funktioniert, wie beim Huhn, v\u00f6llig von selbst. Nat\u00fcrlich funktioniert auch die Trag\u00f6die um das Thema von selbst.<\/p>\n\n\n\n<p class=\"wp-block-paragraph\">Ich nehme mich zwar ernst (&#8222;f\u00fcr voll&#8220;), aber da ist auch immer mehr dieses unbeschwerte Kind, das Bewusstsein ist, in dem es sich mit gar nichts identifiziert. Es bleibt an nichts kleben. Es ist sich selbst, ohne darin eine greifbare Gestalt haben zu m\u00fcssen, nicht einmal einen Hauch von Wissen, was &#8222;ich selbst Sein&#8220; ist. <\/p>\n\n\n\n<p class=\"wp-block-paragraph\">Ich muss weder auf mich aufpassen, noch mich st\u00e4ndig akribisch korrigieren &#8211; an was f\u00fcr Ma\u00dfst\u00e4ben \u00fcberhaupt? &#8211; Pers\u00f6nlichkeit funktioniert von selbst. Und funktioniert auch, ist sie die Einbildung los, ihr eigener Aufpasser sein zu m\u00fcssen, damit sie funktioniert. \ud83d\ude42<\/p>\n\n\n\n<p class=\"wp-block-paragraph\">Das ist eine verst\u00e4ndliche, aber eigentlich \u00fcberfl\u00fcssige Verkrampfung, die der Entfaltung der Pers\u00f6nlichkeit eher im Wege steht, als dass sie sich selbst darin f\u00f6rdert. Sie tritt sich dadurch eher immer wieder auf den eigenen Fu\u00df.<\/p>\n\n\n\n<p class=\"wp-block-paragraph\">Und der ganze Taoismus, auch das Mahamudra, das ganze &#8222;Yoga des Nicht-Tun&#8220;, das &#8222;Loslassen&#8220;, kreist im Wesen darum, sich nicht st\u00e4ndig auf die eigenen F\u00fc\u00dfe zu treten.<\/p>\n\n\n\n<p class=\"wp-block-paragraph\">&#8222;Ich bem\u00fche mich ja.&#8220;, sagt der Sch\u00fcler zum Lehrer. Und der meint: &#8222;Das ist  eine Komplikation&#8230; lass die Bem\u00fchung geschehen. Dann ist sie viel effektiver. Und du musst nichts tun.&#8220;<\/p>\n\n\n\n<p class=\"wp-block-paragraph\">Und dieses &#8222;Nicht-Tun&#8220; ist kein Hinweis an die Pers\u00f6nlichkeit, sondern an das Bewusstsein, das hinter der Pers\u00f6nlichkeit ist.<\/p>\n\n\n\n<p class=\"wp-block-paragraph\"><\/p>\n<div class=\"clearfix\"><span class='ldc-ul_cont' onclick=\"alter_ul_post_values(this,'4707','like')\" >gef\u00e4llt mir<img decoding=\"async\" src=\"http:\/\/ewig.es\/wordpress\/wp-content\/plugins\/like-dislike-counter-for-posts-pages-and-comments\/images\/up.png\" \/>(<span>3<\/span>)<\/span><span class='ldc-ul_cont' onclick=\"alter_ul_post_values(this,'4707','dislike')\" ><img decoding=\"async\" src=\"http:\/\/ewig.es\/wordpress\/wp-content\/plugins\/like-dislike-counter-for-posts-pages-and-comments\/images\/down.png\" \/>(<span>0<\/span>)<\/span><\/div>","protected":false},"excerpt":{"rendered":"<p>Wie im letzten Beitrag thematisiert &#8211; und ich komme zur h\u00f6chsten paranormalen (aus unserer Sicht \ud83d\ude42 ) F\u00e4higkeit des Bewusstseins: sich eine Pers\u00f6nlichkeit verleihen zu k\u00f6nnen. Fatalerweise bin ich als der Depp, der ich als Mensch bin, in meinem Menschsein mit der h\u00f6chsten paranormalen F\u00e4higkeit des Selbst konfrontiert: sich einen Deppenzoo zuzulegen. \ud83d\ude42 &#8222;Welcher Depp &hellip; <a href=\"http:\/\/ewig.es\/index.php\/2022\/08\/28\/persoenlichkeit\/\" class=\"more-link\"><span class=\"screen-reader-text\">\u201ePers\u00f6nlichkeit\u201c<\/span> weiterlesen<\/a><\/p>\n","protected":false},"author":1,"featured_media":0,"comment_status":"open","ping_status":"closed","sticky":false,"template":"","format":"standard","meta":{"footnotes":""},"categories":[1],"tags":[],"class_list":["post-4707","post","type-post","status-publish","format-standard","hentry","category-tagebuch"],"_links":{"self":[{"href":"http:\/\/ewig.es\/index.php\/wp-json\/wp\/v2\/posts\/4707","targetHints":{"allow":["GET"]}}],"collection":[{"href":"http:\/\/ewig.es\/index.php\/wp-json\/wp\/v2\/posts"}],"about":[{"href":"http:\/\/ewig.es\/index.php\/wp-json\/wp\/v2\/types\/post"}],"author":[{"embeddable":true,"href":"http:\/\/ewig.es\/index.php\/wp-json\/wp\/v2\/users\/1"}],"replies":[{"embeddable":true,"href":"http:\/\/ewig.es\/index.php\/wp-json\/wp\/v2\/comments?post=4707"}],"version-history":[{"count":2,"href":"http:\/\/ewig.es\/index.php\/wp-json\/wp\/v2\/posts\/4707\/revisions"}],"predecessor-version":[{"id":4709,"href":"http:\/\/ewig.es\/index.php\/wp-json\/wp\/v2\/posts\/4707\/revisions\/4709"}],"wp:attachment":[{"href":"http:\/\/ewig.es\/index.php\/wp-json\/wp\/v2\/media?parent=4707"}],"wp:term":[{"taxonomy":"category","embeddable":true,"href":"http:\/\/ewig.es\/index.php\/wp-json\/wp\/v2\/categories?post=4707"},{"taxonomy":"post_tag","embeddable":true,"href":"http:\/\/ewig.es\/index.php\/wp-json\/wp\/v2\/tags?post=4707"}],"curies":[{"name":"wp","href":"https:\/\/api.w.org\/{rel}","templated":true}]}}