{"id":4715,"date":"2022-08-29T20:51:10","date_gmt":"2022-08-29T18:51:10","guid":{"rendered":"http:\/\/ewig.es\/?p=4715"},"modified":"2022-08-29T20:51:10","modified_gmt":"2022-08-29T18:51:10","slug":"heute-machte-ich-drei-fuhren","status":"publish","type":"post","link":"http:\/\/ewig.es\/index.php\/2022\/08\/29\/heute-machte-ich-drei-fuhren\/","title":{"rendered":"Heute machte ich drei Fuhren,"},"content":{"rendered":"\n<p class=\"wp-block-paragraph\">dann taten mir, da ich alle H\u00f6lzer im Wald schon auf 25 cm zus\u00e4ge, die Arme weh.<\/p>\n\n\n\n<p class=\"wp-block-paragraph\">Zudem litt der alte Anh\u00e4nger unter der Last und den schlechten Wegen, sodass ich am Nachmittag den Anh\u00e4nger vom Flohmarkt herrichtete.<\/p>\n\n\n\n<p class=\"wp-block-paragraph\">Mit dem kann ich nun 50 cm lange Holzst\u00fccke quer transportieren. So muss ich im Wald weniger s\u00e4gen und bekomme noch mehr Holz geladen. Da ich nicht wei\u00df, wie voll das Holzlager mit dem bestellten Brennholz wird, will ich das 50 cm-Holz vorerst entlang des Zauns aufschichten und abdecken.<\/p>\n\n\n\n<p class=\"wp-block-paragraph\">Morgen will ich schauen, wie viel Holz ich an einem Tag so aus dem Wald schaffen kann. Dann wei\u00df ich, wie viele Tage es dauert, sammle ich mein Brennholz selber. Vermutlich 6 bis 14 Tage im Jahr. Mal sehen. \ud83d\ude42<\/p>\n<div class=\"clearfix\"><span class='ldc-ul_cont' onclick=\"alter_ul_post_values(this,'4715','like')\" >gef\u00e4llt mir<img decoding=\"async\" src=\"http:\/\/ewig.es\/wordpress\/wp-content\/plugins\/like-dislike-counter-for-posts-pages-and-comments\/images\/up.png\" \/>(<span>2<\/span>)<\/span><span class='ldc-ul_cont' onclick=\"alter_ul_post_values(this,'4715','dislike')\" ><img decoding=\"async\" src=\"http:\/\/ewig.es\/wordpress\/wp-content\/plugins\/like-dislike-counter-for-posts-pages-and-comments\/images\/down.png\" \/>(<span>0<\/span>)<\/span><\/div>","protected":false},"excerpt":{"rendered":"<p>dann taten mir, da ich alle H\u00f6lzer im Wald schon auf 25 cm zus\u00e4ge, die Arme weh. Zudem litt der alte Anh\u00e4nger unter der Last und den schlechten Wegen, sodass ich am Nachmittag den Anh\u00e4nger vom Flohmarkt herrichtete. Mit dem kann ich nun 50 cm lange Holzst\u00fccke quer transportieren. So muss ich im Wald weniger &hellip; <a href=\"http:\/\/ewig.es\/index.php\/2022\/08\/29\/heute-machte-ich-drei-fuhren\/\" class=\"more-link\"><span class=\"screen-reader-text\">\u201eHeute machte ich drei Fuhren,\u201c<\/span> weiterlesen<\/a><\/p>\n","protected":false},"author":1,"featured_media":0,"comment_status":"open","ping_status":"closed","sticky":false,"template":"","format":"standard","meta":{"footnotes":""},"categories":[1],"tags":[],"class_list":["post-4715","post","type-post","status-publish","format-standard","hentry","category-tagebuch"],"_links":{"self":[{"href":"http:\/\/ewig.es\/index.php\/wp-json\/wp\/v2\/posts\/4715","targetHints":{"allow":["GET"]}}],"collection":[{"href":"http:\/\/ewig.es\/index.php\/wp-json\/wp\/v2\/posts"}],"about":[{"href":"http:\/\/ewig.es\/index.php\/wp-json\/wp\/v2\/types\/post"}],"author":[{"embeddable":true,"href":"http:\/\/ewig.es\/index.php\/wp-json\/wp\/v2\/users\/1"}],"replies":[{"embeddable":true,"href":"http:\/\/ewig.es\/index.php\/wp-json\/wp\/v2\/comments?post=4715"}],"version-history":[{"count":1,"href":"http:\/\/ewig.es\/index.php\/wp-json\/wp\/v2\/posts\/4715\/revisions"}],"predecessor-version":[{"id":4716,"href":"http:\/\/ewig.es\/index.php\/wp-json\/wp\/v2\/posts\/4715\/revisions\/4716"}],"wp:attachment":[{"href":"http:\/\/ewig.es\/index.php\/wp-json\/wp\/v2\/media?parent=4715"}],"wp:term":[{"taxonomy":"category","embeddable":true,"href":"http:\/\/ewig.es\/index.php\/wp-json\/wp\/v2\/categories?post=4715"},{"taxonomy":"post_tag","embeddable":true,"href":"http:\/\/ewig.es\/index.php\/wp-json\/wp\/v2\/tags?post=4715"}],"curies":[{"name":"wp","href":"https:\/\/api.w.org\/{rel}","templated":true}]}}