{"id":4717,"date":"2022-08-29T21:41:48","date_gmt":"2022-08-29T19:41:48","guid":{"rendered":"http:\/\/ewig.es\/?p=4717"},"modified":"2022-08-29T21:46:22","modified_gmt":"2022-08-29T19:46:22","slug":"ich-schaute-etwas-von-j-krishnamurti","status":"publish","type":"post","link":"http:\/\/ewig.es\/index.php\/2022\/08\/29\/ich-schaute-etwas-von-j-krishnamurti\/","title":{"rendered":"Ich schaute etwas von J. Krishnamurti,"},"content":{"rendered":"\n<p class=\"wp-block-paragraph\">und er tat das Thema Kundalini so ab, als w\u00e4re es eine Art &#8222;moderner&#8220; Fiktion und ritt dann auf dem Thema &#8222;the sense of self has to vanish&#8220; herum.<\/p>\n\n\n\n<p class=\"wp-block-paragraph\">Ja, es gibt meiner Erfahrung nach dieses &#8222;in die Leere&#8220; erwachen: &#8222;Das&#8220;. Aber es gibt eben auch die sogenannte Kundalini, was nichts anderes als die Kraft ist, die eh alles bewegt. Und das Thema Kundalini ber\u00fchrt den &#8222;spirituellen&#8220; Aspekt der Lebenskraft. Sie ist nicht einfach nur &#8222;leer&#8220;, was auch ein Aspekt des Selbst ist. Sie ist &#8222;energetische Intelligenz&#8220;. Und darin sogar &#8211; relativ zum Menschen &#8211; h\u00f6here Intelligenz.<\/p>\n\n\n\n<p class=\"wp-block-paragraph\">Steigt die Kundalini \u00fcber die Ebene k\u00f6rperlicher Ph\u00e4nomene auf, Farben sehen, Visionen, Energiesch\u00fcbe, T\u00f6ne h\u00f6ren, was auch immer, wird ihre Intelligenz pers\u00f6nlich wahrnehmbar. Ich partizipier an ihrer Intelligenz.<\/p>\n\n\n\n<p class=\"wp-block-paragraph\">Aber v\u00f6llig egal, ob im leeren Aspekt oder im energetischen Aspekt, es ist kein zweites Ich. \ud83d\ude42<\/p>\n\n\n\n<p class=\"wp-block-paragraph\">Ich pers\u00f6nlich meine, dass es viele energetische Erleuchtungen gibt. In meinen Augen spiegeln sie das, was das New-Age als &#8222;Bewusstseinserweiterung&#8220; suchte. Nur ist es keine Erweiterung des Bewusstseins &#8211; das ist der leere Hintergrund, der sich nicht ver\u00e4ndert \ud83d\ude42 -sondern mystische Einblicke in &#8222;Gott&#8220; als &#8222;h\u00f6here Intelligenz&#8220;. Die ist nicht einmal k\u00f6rperlich. Sie ist transzendent: trans-k\u00f6rperlich.<\/p>\n\n\n\n<p class=\"wp-block-paragraph\">Die Expansion in der Ewigkeit ist die Energie, die den ganzen Laden umtreibt: &#8222;in die Weite f\u00fchrt&#8220;, in einer uns unverst\u00e4ndlichen, aber sichtbar (pers\u00f6nliche erlebbar) h\u00f6heren Intelligenz.<\/p>\n\n\n\n<p class=\"wp-block-paragraph\">Ich bin ja auch &#8222;in die Leere&#8220; erwacht, aber &#8222;erleuchtet&#8220; wurde ich erst von der Energie. Und lustigerweise  hatte sich ja die Erleuchtung selbst gel\u00f6scht- man k\u00f6nnte sagen: in die Leere. <\/p>\n\n\n\n<p class=\"wp-block-paragraph\">Aber die Leere, das klingt so nach nichts, ist im Wesen blanke Energie, die einfach still ist. <\/p>\n\n\n\n<p class=\"wp-block-paragraph\">Das reine Bewusstsein (Gewahrsein) und die Energie (auch Kundalini genannt) sind &#8222;nicht-zwei&#8220;. \ud83d\ude42<\/p>\n\n\n\n<p class=\"wp-block-paragraph\">Und es gibt auch keinen Konflikt zwischen diesen erlebbaren &#8222;Seiten&#8220; des Selbst. Lustig ist nur, wenn jemand meint, er h\u00e4tte irgendeine Macht \u00fcber dieses &#8222;nicht-zwei&#8220;. Und um das zu sehen, zu erkennen, partizipiere ich bereits an der &#8222;h\u00f6heren Intelligenz&#8220; des Selbst und damit seiner Energie. <\/p>\n\n\n\n<p class=\"wp-block-paragraph\">Energie ist Information im Bewusstsein. Und Information ordnet sich zu physischer Intelligenz, auf der pers\u00f6nliche Intelligenz aufsattelt.<\/p>\n\n\n\n<p class=\"wp-block-paragraph\">Und es ist auch gar nichts falsch daran, das so zu sehen wie J. Krishnamurti, denn die Initiative in der Spiritualit\u00e4t geht von der h\u00f6heren Intelligenz aus. Und sie bestimmt auch, was sie zeigt. <\/p>\n\n\n\n<p class=\"wp-block-paragraph\"> <\/p>\n<div class=\"clearfix\"><span class='ldc-ul_cont' onclick=\"alter_ul_post_values(this,'4717','like')\" >gef\u00e4llt mir<img decoding=\"async\" src=\"http:\/\/ewig.es\/wordpress\/wp-content\/plugins\/like-dislike-counter-for-posts-pages-and-comments\/images\/up.png\" \/>(<span>4<\/span>)<\/span><span class='ldc-ul_cont' onclick=\"alter_ul_post_values(this,'4717','dislike')\" ><img decoding=\"async\" src=\"http:\/\/ewig.es\/wordpress\/wp-content\/plugins\/like-dislike-counter-for-posts-pages-and-comments\/images\/down.png\" \/>(<span>0<\/span>)<\/span><\/div>","protected":false},"excerpt":{"rendered":"<p>und er tat das Thema Kundalini so ab, als w\u00e4re es eine Art &#8222;moderner&#8220; Fiktion und ritt dann auf dem Thema &#8222;the sense of self has to vanish&#8220; herum. Ja, es gibt meiner Erfahrung nach dieses &#8222;in die Leere&#8220; erwachen: &#8222;Das&#8220;. Aber es gibt eben auch die sogenannte Kundalini, was nichts anderes als die Kraft &hellip; <a href=\"http:\/\/ewig.es\/index.php\/2022\/08\/29\/ich-schaute-etwas-von-j-krishnamurti\/\" class=\"more-link\"><span class=\"screen-reader-text\">\u201eIch schaute etwas von J. Krishnamurti,\u201c<\/span> weiterlesen<\/a><\/p>\n","protected":false},"author":1,"featured_media":0,"comment_status":"open","ping_status":"closed","sticky":false,"template":"","format":"standard","meta":{"footnotes":""},"categories":[1],"tags":[],"class_list":["post-4717","post","type-post","status-publish","format-standard","hentry","category-tagebuch"],"_links":{"self":[{"href":"http:\/\/ewig.es\/index.php\/wp-json\/wp\/v2\/posts\/4717","targetHints":{"allow":["GET"]}}],"collection":[{"href":"http:\/\/ewig.es\/index.php\/wp-json\/wp\/v2\/posts"}],"about":[{"href":"http:\/\/ewig.es\/index.php\/wp-json\/wp\/v2\/types\/post"}],"author":[{"embeddable":true,"href":"http:\/\/ewig.es\/index.php\/wp-json\/wp\/v2\/users\/1"}],"replies":[{"embeddable":true,"href":"http:\/\/ewig.es\/index.php\/wp-json\/wp\/v2\/comments?post=4717"}],"version-history":[{"count":3,"href":"http:\/\/ewig.es\/index.php\/wp-json\/wp\/v2\/posts\/4717\/revisions"}],"predecessor-version":[{"id":4721,"href":"http:\/\/ewig.es\/index.php\/wp-json\/wp\/v2\/posts\/4717\/revisions\/4721"}],"wp:attachment":[{"href":"http:\/\/ewig.es\/index.php\/wp-json\/wp\/v2\/media?parent=4717"}],"wp:term":[{"taxonomy":"category","embeddable":true,"href":"http:\/\/ewig.es\/index.php\/wp-json\/wp\/v2\/categories?post=4717"},{"taxonomy":"post_tag","embeddable":true,"href":"http:\/\/ewig.es\/index.php\/wp-json\/wp\/v2\/tags?post=4717"}],"curies":[{"name":"wp","href":"https:\/\/api.w.org\/{rel}","templated":true}]}}