{"id":4723,"date":"2022-08-30T07:17:31","date_gmt":"2022-08-30T05:17:31","guid":{"rendered":"http:\/\/ewig.es\/?p=4723"},"modified":"2022-08-30T07:17:31","modified_gmt":"2022-08-30T05:17:31","slug":"was-mir-an-j-krisnamurti-gefaellt","status":"publish","type":"post","link":"http:\/\/ewig.es\/index.php\/2022\/08\/30\/was-mir-an-j-krisnamurti-gefaellt\/","title":{"rendered":"Was mir an J. Krisnamurti gef\u00e4llt,"},"content":{"rendered":"\n<p class=\"wp-block-paragraph\">ist sein Hinterfragen. &#8222;Was ist?&#8220;, hinter all diesen sozialen Vermutungen, denn wirklich hier. <\/p>\n\n\n\n<p class=\"wp-block-paragraph\">Mir pers\u00f6nlich ist das gerne zu langatmig, aber didaktisch verst\u00e4ndlich, da er einen Denkprozess anregen und begleiten will.<\/p>\n\n\n\n<p class=\"wp-block-paragraph\">Wir glauben \u00fcber die Welt viel mehr als wir wissen. Und das zu unterscheiden, was wir wirklich wissen und was wir glauben, ist nicht einfach, da vieles ein kollektiver Glaube ist.<\/p>\n\n\n\n<p class=\"wp-block-paragraph\">Spiritualit\u00e4t hat keine Religion. Die Wirklichkeit ist ihre Religion. Und sie steht immer \u00fcber unserer Interpretation. Ich kann meine Interpretation nicht zur Wirklichkeit erheben, aber versuchen, sie in ihren Dienst zu stellen, indem ich nichts zu einem Ma\u00dfstab \u00fcber sie selbst erhebe.<\/p>\n\n\n\n<p class=\"wp-block-paragraph\">In meinen Augen versucht J. Krisnamurti so, die Zuh\u00f6rer mit der Aufmerksamkeit, in der Diskussion, auf &#8222;that&#8220; zu f\u00fchren, dieses &#8222;that&#8220;, was jenseits unserer Glaubensvorstellungen einfach ist. <\/p>\n\n\n\n<p class=\"wp-block-paragraph\">Was nat\u00fcrlich auch ihre Quelle ist, aber sie bleiben Konzepte, die sich immer wieder \u00fcbersteigen werden, vielfach hinf\u00e4llig werden, wie sich Verst\u00e4ndnis f\u00fcr &#8222;that&#8220; weiter entwickelt.<\/p>\n\n\n\n<p class=\"wp-block-paragraph\">Dieser evolution\u00e4re Selbstkl\u00e4rungsprozess ist auch (besser: gerade) ein  Selbstkl\u00e4rungsprozess des Selbst \u00fcber sich selbst. Und darin wohl ein Ereignis, dass auch die menschliche Bem\u00fchung in diesem Thema, kosmisch gesehen, \u00fcbersteigt.<\/p>\n\n\n\n<p class=\"wp-block-paragraph\">Ende: Jetzt muss ich die H\u00fchner rauslassen. \ud83d\ude42<\/p>\n\n\n\n<p class=\"wp-block-paragraph\"><\/p>\n<div class=\"clearfix\"><span class='ldc-ul_cont' onclick=\"alter_ul_post_values(this,'4723','like')\" >gef\u00e4llt mir<img decoding=\"async\" src=\"http:\/\/ewig.es\/wordpress\/wp-content\/plugins\/like-dislike-counter-for-posts-pages-and-comments\/images\/up.png\" \/>(<span>2<\/span>)<\/span><span class='ldc-ul_cont' onclick=\"alter_ul_post_values(this,'4723','dislike')\" ><img decoding=\"async\" src=\"http:\/\/ewig.es\/wordpress\/wp-content\/plugins\/like-dislike-counter-for-posts-pages-and-comments\/images\/down.png\" \/>(<span>0<\/span>)<\/span><\/div>","protected":false},"excerpt":{"rendered":"<p>ist sein Hinterfragen. &#8222;Was ist?&#8220;, hinter all diesen sozialen Vermutungen, denn wirklich hier. Mir pers\u00f6nlich ist das gerne zu langatmig, aber didaktisch verst\u00e4ndlich, da er einen Denkprozess anregen und begleiten will. Wir glauben \u00fcber die Welt viel mehr als wir wissen. Und das zu unterscheiden, was wir wirklich wissen und was wir glauben, ist nicht &hellip; <a href=\"http:\/\/ewig.es\/index.php\/2022\/08\/30\/was-mir-an-j-krisnamurti-gefaellt\/\" class=\"more-link\"><span class=\"screen-reader-text\">\u201eWas mir an J. Krisnamurti gef\u00e4llt,\u201c<\/span> weiterlesen<\/a><\/p>\n","protected":false},"author":1,"featured_media":0,"comment_status":"open","ping_status":"closed","sticky":false,"template":"","format":"standard","meta":{"footnotes":""},"categories":[1],"tags":[],"class_list":["post-4723","post","type-post","status-publish","format-standard","hentry","category-tagebuch"],"_links":{"self":[{"href":"http:\/\/ewig.es\/index.php\/wp-json\/wp\/v2\/posts\/4723","targetHints":{"allow":["GET"]}}],"collection":[{"href":"http:\/\/ewig.es\/index.php\/wp-json\/wp\/v2\/posts"}],"about":[{"href":"http:\/\/ewig.es\/index.php\/wp-json\/wp\/v2\/types\/post"}],"author":[{"embeddable":true,"href":"http:\/\/ewig.es\/index.php\/wp-json\/wp\/v2\/users\/1"}],"replies":[{"embeddable":true,"href":"http:\/\/ewig.es\/index.php\/wp-json\/wp\/v2\/comments?post=4723"}],"version-history":[{"count":1,"href":"http:\/\/ewig.es\/index.php\/wp-json\/wp\/v2\/posts\/4723\/revisions"}],"predecessor-version":[{"id":4724,"href":"http:\/\/ewig.es\/index.php\/wp-json\/wp\/v2\/posts\/4723\/revisions\/4724"}],"wp:attachment":[{"href":"http:\/\/ewig.es\/index.php\/wp-json\/wp\/v2\/media?parent=4723"}],"wp:term":[{"taxonomy":"category","embeddable":true,"href":"http:\/\/ewig.es\/index.php\/wp-json\/wp\/v2\/categories?post=4723"},{"taxonomy":"post_tag","embeddable":true,"href":"http:\/\/ewig.es\/index.php\/wp-json\/wp\/v2\/tags?post=4723"}],"curies":[{"name":"wp","href":"https:\/\/api.w.org\/{rel}","templated":true}]}}